{"id":744,"date":"2022-02-27T09:20:40","date_gmt":"2022-02-27T09:20:40","guid":{"rendered":"https:\/\/paroquiasportosanto.pt\/?p=744"},"modified":"2022-03-20T09:17:53","modified_gmt":"2022-03-20T09:17:53","slug":"programacao-das-via-sacras-2022","status":"publish","type":"post","link":"https:\/\/paroquiasportosanto.pt\/?p=744","title":{"rendered":"Programa\u00e7\u00e3o das Via-Sacras 2022"},"content":{"rendered":"\n<div class=\"wp-block-image\"><figure class=\"aligncenter size-large is-resized\"><img loading=\"lazy\" decoding=\"async\" src=\"https:\/\/encrypted-tbn0.gstatic.com\/images?q=tbn:ANd9GcQSg1Nyzemf8pS2YB9j3hZGjEt_KBluRAgE0A&amp;usqp=CAU\" alt=\"\" width=\"557\" height=\"242\"\/><\/figure><\/div>\n\n\n\n<p><em>A&nbsp;<strong>Via-Sacra<\/strong>&nbsp;faz parte das tradi\u00e7\u00f5es mais acarinhadas pelos cat\u00f3licos, sobretudo durante a&nbsp;quaresma. \u00c9 um exerc\u00edcio espiritual que ajuda quem o&nbsp;faz a reviver a paix\u00e3o e morte do Senhor Jesus, acompanhando Aquele que deu a vida pela&nbsp;humanidade e aprendendo d\u2019Ele o \u201ccaminho da cruz\u201d, o caminho de todos os homens e&nbsp;mulheres, mais ainda de todos os crist\u00e3os.<\/em><\/p>\n\n\n\n<h2 class=\"has-text-align-center wp-block-heading\">Programa das Vias Sacras nas Par\u00f3quias do Porto Santo<\/h2>\n\n\n\n<figure class=\"wp-block-table is-style-regular\"><table class=\"has-fixed-layout\"><tbody><tr><td class=\"has-text-align-center\" data-align=\"center\"><strong>Par\u00f3quia do Esp\u00edrito Santo<\/strong><\/td><td class=\"has-text-align-center\" data-align=\"center\"><strong>Par\u00f3quia da Piedade<\/strong><\/td><\/tr><tr><td class=\"has-text-align-center\" data-align=\"center\"><strong>03 de Mar\u00e7o<\/strong> &#8211; Ministros Extraordin\u00e1rios da Comunh\u00e3o<\/td><td class=\"has-text-align-center\" data-align=\"center\"><strong>04 de Mar\u00e7o<\/strong> &#8211; Ministros Extraordin\u00e1rios da Comunh\u00e3o e Amigos da Ir. Wilson<\/td><\/tr><tr><td class=\"has-text-align-center\" data-align=\"center\"><strong>10 de Mar\u00e7o<\/strong> &#8211; Catequese (Catequistas, Catequizandos e Pais)<\/td><td class=\"has-text-align-center\" data-align=\"center\"><strong>11 de Mar\u00e7o<\/strong> &#8211; Catequese (Catequistas, Catequizandos e Pais)<\/td><\/tr><tr><td class=\"has-text-align-center\" data-align=\"center\"><strong>17 de Mar\u00e7o<\/strong> &#8211; Leitores e Grupo Coral<\/td><td class=\"has-text-align-center\" data-align=\"center\"><strong>18 de Mar\u00e7o<\/strong> &#8211; Leitores, grupo de Limpeza e Grupo Coral<\/td><\/tr><tr><td class=\"has-text-align-center\" data-align=\"center\"><strong>24 de Mar\u00e7o<\/strong> &#8211; Amigos da Ir. Wilson e grupo da Limpeza<\/td><td class=\"has-text-align-center\" data-align=\"center\"><strong>25 de Mar\u00e7o<\/strong> &#8211; Confraria do SSS<\/td><\/tr><tr><td class=\"has-text-align-center\" data-align=\"center\"><strong>31 de Mar\u00e7o<\/strong> &#8211; Confraria de S. Pedro<\/td><td class=\"has-text-align-center\" data-align=\"center\"><strong>01 de Abril<\/strong> &#8211; Confraria da Piedade<\/td><\/tr><tr><td class=\"has-text-align-center\" data-align=\"center\"><strong>07 de Abril<\/strong> &#8211; Confraria do SSS<\/td><td class=\"has-text-align-center\" data-align=\"center\"><strong>08 de Abril<\/strong> &#8211; Confraria da Gra\u00e7a<\/td><\/tr><\/tbody><\/table><\/figure>\n\n\n\n<p><\/p>\n\n\n\n<p><\/p>\n\n\n\n<p><\/p>\n","protected":false},"excerpt":{"rendered":"<p>Programa\u00e7\u00e3o das Via-Sacras 2022 nas Par\u00f3quias do Porto Santo<\/p>\n","protected":false},"author":1,"featured_media":748,"comment_status":"closed","ping_status":"closed","sticky":false,"template":"","format":"standard","meta":{"_themeisle_gutenberg_block_has_review":false,"footnotes":""},"categories":[7,6,9,14],"tags":[],"class_list":["post-744","post","type-post","status-publish","format-standard","has-post-thumbnail","hentry","category-avisos","category-celebracoes","category-horario","category-liturgia"],"_links":{"self":[{"href":"https:\/\/paroquiasportosanto.pt\/index.php?rest_route=\/wp\/v2\/posts\/744","targetHints":{"allow":["GET"]}}],"collection":[{"href":"https:\/\/paroquiasportosanto.pt\/index.php?rest_route=\/wp\/v2\/posts"}],"about":[{"href":"https:\/\/paroquiasportosanto.pt\/index.php?rest_route=\/wp\/v2\/types\/post"}],"author":[{"embeddable":true,"href":"https:\/\/paroquiasportosanto.pt\/index.php?rest_route=\/wp\/v2\/users\/1"}],"replies":[{"embeddable":true,"href":"https:\/\/paroquiasportosanto.pt\/index.php?rest_route=%2Fwp%2Fv2%2Fcomments&post=744"}],"version-history":[{"count":0,"href":"https:\/\/paroquiasportosanto.pt\/index.php?rest_route=\/wp\/v2\/posts\/744\/revisions"}],"wp:featuredmedia":[{"embeddable":true,"href":"https:\/\/paroquiasportosanto.pt\/index.php?rest_route=\/wp\/v2\/media\/748"}],"wp:attachment":[{"href":"https:\/\/paroquiasportosanto.pt\/index.php?rest_route=%2Fwp%2Fv2%2Fmedia&parent=744"}],"wp:term":[{"taxonomy":"category","embeddable":true,"href":"https:\/\/paroquiasportosanto.pt\/index.php?rest_route=%2Fwp%2Fv2%2Fcategories&post=744"},{"taxonomy":"post_tag","embeddable":true,"href":"https:\/\/paroquiasportosanto.pt\/index.php?rest_route=%2Fwp%2Fv2%2Ftags&post=744"}],"curies":[{"name":"wp","href":"https:\/\/api.w.org\/{rel}","templated":true}]}}