{"id":726,"date":"2022-02-27T08:45:22","date_gmt":"2022-02-27T08:45:22","guid":{"rendered":"https:\/\/paroquiasportosanto.pt\/?p=726"},"modified":"2022-02-27T08:45:22","modified_gmt":"2022-02-27T08:45:22","slug":"domingo-viii-do-tempo-comum","status":"publish","type":"post","link":"https:\/\/paroquiasportosanto.pt\/?p=726","title":{"rendered":"Domingo VIII do Tempo Comum"},"content":{"rendered":"\n<div class=\"wp-block-image\"><figure class=\"aligncenter size-large is-resized\"><img data-recalc-dims=\"1\" loading=\"lazy\" decoding=\"async\" src=\"https:\/\/i0.wp.com\/api.ocantonaliturgia.pt\/api\/v1\/media\/Domingo%20VIII%20do%20TC%2C%20ano%20C.jpg?resize=578%2C324&#038;ssl=1\" alt=\"\" width=\"578\" height=\"324\"\/><figcaption>Imagem de &#8220;<a href=\"https:\/\/ocantonaliturgia.pt\">O Canto na Liturgia<\/a>&#8220;<\/figcaption><\/figure><\/div>\n\n\n\n<blockquote class=\"wp-block-quote is-layout-flow wp-block-quote-is-layout-flow\"><p><em>O tema central da liturgia deste domingo convida-nos a refletir sobre esta quest\u00e3o: aquilo que nos enche o cora\u00e7\u00e3o e que n\u00f3s testemunhamos \u00e9 a verdade de Jesus, ou s\u00e3o os nossos interesses e os nossos crit\u00e9rios ego\u00edstas?<\/em><\/p><p><em>O Evangelho d\u00e1-nos os crit\u00e9rios para discernir o verdadeiro do falso \u201cmestre\u201d: o verdadeiro \u201cmestre\u201d \u00e9 aquele que apenas apresenta a proposta de Jesus gerando, com o seu testemunho, comunh\u00e3o, uni\u00e3o, fraternidade, amor; o falso \u201cmestre\u201d, ao contr\u00e1rio, \u00e9 aquele que manifesta intoler\u00e2ncia, hipocrisia, autoritarismo e cujo testemunho gera divis\u00f5es e confus\u00f5es: o seu an\u00fancio n\u00e3o tem nada a ver com o de Jesus.<\/em><\/p><p><em>A primeira leitura, na mesma linha, d\u00e1 um conselho muito pr\u00e1tico, mas muito \u00fatil: n\u00e3o julguemos as pessoas pela primeira impress\u00e3o ou por atitudes mais ou menos teatrais: deixemo-las falar, pois as palavras revelam a verdade ou a mentira que h\u00e1 em cada cora\u00e7\u00e3o.<\/em><\/p><p><em>A segunda leitura n\u00e3o tem, aparentemente, muito a ver com esta tem\u00e1tica: \u00e9 a conclus\u00e3o da catequese de Paulo aos cor\u00edntios sobre a ressurrei\u00e7\u00e3o. No entanto, podemos dizer que viver e testemunhar com verdade, sinceridade e coer\u00eancia a proposta de Jesus \u00e9 o caminho necess\u00e1rio para essa vida plena que Deus nos reserva. Do nosso an\u00fancio sincero de Jesus, nasce essa comunidade de Homens Novos que \u00e9 an\u00fancio do tempo escatol\u00f3gico e da vida que nos espera.<\/em><\/p><cite>Sacerdotes do Cora\u00e7\u00e3o de Jesus &#8211; <a href=\"https:\/\/www.dehonianos.org\/\">Dehonianos<\/a> &#8211; Portugal<\/cite><\/blockquote>\n","protected":false},"excerpt":{"rendered":"<p>&#8220;A boca fala do que transborda do cora\u00e7\u00e3o&#8221;<\/p>\n","protected":false},"author":1,"featured_media":742,"comment_status":"closed","ping_status":"closed","sticky":false,"template":"","format":"standard","meta":{"_themeisle_gutenberg_block_has_review":false,"footnotes":""},"categories":[14],"tags":[],"class_list":["post-726","post","type-post","status-publish","format-standard","has-post-thumbnail","hentry","category-liturgia"],"_links":{"self":[{"href":"https:\/\/paroquiasportosanto.pt\/index.php?rest_route=\/wp\/v2\/posts\/726","targetHints":{"allow":["GET"]}}],"collection":[{"href":"https:\/\/paroquiasportosanto.pt\/index.php?rest_route=\/wp\/v2\/posts"}],"about":[{"href":"https:\/\/paroquiasportosanto.pt\/index.php?rest_route=\/wp\/v2\/types\/post"}],"author":[{"embeddable":true,"href":"https:\/\/paroquiasportosanto.pt\/index.php?rest_route=\/wp\/v2\/users\/1"}],"replies":[{"embeddable":true,"href":"https:\/\/paroquiasportosanto.pt\/index.php?rest_route=%2Fwp%2Fv2%2Fcomments&post=726"}],"version-history":[{"count":0,"href":"https:\/\/paroquiasportosanto.pt\/index.php?rest_route=\/wp\/v2\/posts\/726\/revisions"}],"wp:featuredmedia":[{"embeddable":true,"href":"https:\/\/paroquiasportosanto.pt\/index.php?rest_route=\/wp\/v2\/media\/742"}],"wp:attachment":[{"href":"https:\/\/paroquiasportosanto.pt\/index.php?rest_route=%2Fwp%2Fv2%2Fmedia&parent=726"}],"wp:term":[{"taxonomy":"category","embeddable":true,"href":"https:\/\/paroquiasportosanto.pt\/index.php?rest_route=%2Fwp%2Fv2%2Fcategories&post=726"},{"taxonomy":"post_tag","embeddable":true,"href":"https:\/\/paroquiasportosanto.pt\/index.php?rest_route=%2Fwp%2Fv2%2Ftags&post=726"}],"curies":[{"name":"wp","href":"https:\/\/api.w.org\/{rel}","templated":true}]}}