{"id":6736,"date":"2026-04-30T17:00:00","date_gmt":"2026-04-30T17:00:00","guid":{"rendered":"https:\/\/paroquiasportosanto.pt\/?p=6736"},"modified":"2026-04-30T13:18:16","modified_gmt":"2026-04-30T13:18:16","slug":"celebracoes-marianas-pelos-sitios","status":"publish","type":"post","link":"https:\/\/paroquiasportosanto.pt\/?p=6736","title":{"rendered":"Celebra\u00e7\u00f5es Marianas pelos S\u00edtios"},"content":{"rendered":"<div class=\"wp-block-image\">\n<figure class=\"aligncenter size-large is-resized\"><img data-recalc-dims=\"1\" loading=\"lazy\" decoding=\"async\" width=\"750\" height=\"938\" src=\"https:\/\/i0.wp.com\/paroquiasportosanto.pt\/wp-content\/uploads\/2026\/04\/Celebracoes-dos-Sitios-2026-1.png?resize=750%2C938&#038;ssl=1\" alt=\"\" class=\"wp-image-6737\" style=\"width:840px;height:auto\" srcset=\"https:\/\/i0.wp.com\/paroquiasportosanto.pt\/wp-content\/uploads\/2026\/04\/Celebracoes-dos-Sitios-2026-1.png?resize=819%2C1024&amp;ssl=1 819w, https:\/\/i0.wp.com\/paroquiasportosanto.pt\/wp-content\/uploads\/2026\/04\/Celebracoes-dos-Sitios-2026-1.png?resize=240%2C300&amp;ssl=1 240w, https:\/\/i0.wp.com\/paroquiasportosanto.pt\/wp-content\/uploads\/2026\/04\/Celebracoes-dos-Sitios-2026-1.png?resize=120%2C150&amp;ssl=1 120w, https:\/\/i0.wp.com\/paroquiasportosanto.pt\/wp-content\/uploads\/2026\/04\/Celebracoes-dos-Sitios-2026-1.png?resize=768%2C960&amp;ssl=1 768w, https:\/\/i0.wp.com\/paroquiasportosanto.pt\/wp-content\/uploads\/2026\/04\/Celebracoes-dos-Sitios-2026-1.png?resize=10%2C12&amp;ssl=1 10w, https:\/\/i0.wp.com\/paroquiasportosanto.pt\/wp-content\/uploads\/2026\/04\/Celebracoes-dos-Sitios-2026-1.png?w=1080&amp;ssl=1 1080w\" sizes=\"auto, (max-width: 750px) 100vw, 750px\" \/><\/figure>\n<\/div>\n\n\n<p><\/p>\n\n\n\n<hr class=\"wp-block-separator has-alpha-channel-opacity\"\/>\n\n\n\n<p><\/p>\n\n\n\n<p>Entre os dias 13 a 28 de maio, a nossa ilha ser\u00e1 palco das\u00a0<strong>Celebra\u00e7\u00f5es Marianas pelos S\u00edtios<\/strong>, um momento especial de f\u00e9, encontro e comunidade que percorrer\u00e1 v\u00e1rios locais.<\/p>\n\n\n\n<p>Todos os dias, o programa ser\u00e1 o seguinte:<br>19h00 \u2013 Ter\u00e7o<br>19h30 \u2013 Eucaristia<br>20h30 \u2013 Conv\u00edvio partilhado entre todos<\/p>\n\n\n\n<p>Cada espa\u00e7o ser\u00e1 cuidadosamente ornamentado pelas pessoas dos respetivos s\u00edtios, tornando cada celebra\u00e7\u00e3o \u00fanica e marcada pelo esp\u00edrito de uni\u00e3o.<\/p>\n\n\n\n<p>Na imagem temos as datas e locais das celebra\u00e7\u00f5es<\/p>\n\n\n\n<p>Participe e viva este tempo de f\u00e9 em comunidade.<\/p>\n","protected":false},"excerpt":{"rendered":"<p>Entre 13 a 28 de maio<\/p>\n<p>Participe e viva este tempo de f\u00e9 em comunidade<\/p>\n<p>\n","protected":false},"author":1,"featured_media":6742,"comment_status":"closed","ping_status":"closed","sticky":false,"template":"","format":"standard","meta":{"_themeisle_gutenberg_block_has_review":false,"footnotes":""},"categories":[6],"tags":[],"class_list":["post-6736","post","type-post","status-publish","format-standard","has-post-thumbnail","hentry","category-celebracoes"],"_links":{"self":[{"href":"https:\/\/paroquiasportosanto.pt\/index.php?rest_route=\/wp\/v2\/posts\/6736","targetHints":{"allow":["GET"]}}],"collection":[{"href":"https:\/\/paroquiasportosanto.pt\/index.php?rest_route=\/wp\/v2\/posts"}],"about":[{"href":"https:\/\/paroquiasportosanto.pt\/index.php?rest_route=\/wp\/v2\/types\/post"}],"author":[{"embeddable":true,"href":"https:\/\/paroquiasportosanto.pt\/index.php?rest_route=\/wp\/v2\/users\/1"}],"replies":[{"embeddable":true,"href":"https:\/\/paroquiasportosanto.pt\/index.php?rest_route=%2Fwp%2Fv2%2Fcomments&post=6736"}],"version-history":[{"count":1,"href":"https:\/\/paroquiasportosanto.pt\/index.php?rest_route=\/wp\/v2\/posts\/6736\/revisions"}],"predecessor-version":[{"id":6740,"href":"https:\/\/paroquiasportosanto.pt\/index.php?rest_route=\/wp\/v2\/posts\/6736\/revisions\/6740"}],"wp:featuredmedia":[{"embeddable":true,"href":"https:\/\/paroquiasportosanto.pt\/index.php?rest_route=\/wp\/v2\/media\/6742"}],"wp:attachment":[{"href":"https:\/\/paroquiasportosanto.pt\/index.php?rest_route=%2Fwp%2Fv2%2Fmedia&parent=6736"}],"wp:term":[{"taxonomy":"category","embeddable":true,"href":"https:\/\/paroquiasportosanto.pt\/index.php?rest_route=%2Fwp%2Fv2%2Fcategories&post=6736"},{"taxonomy":"post_tag","embeddable":true,"href":"https:\/\/paroquiasportosanto.pt\/index.php?rest_route=%2Fwp%2Fv2%2Ftags&post=6736"}],"curies":[{"name":"wp","href":"https:\/\/api.w.org\/{rel}","templated":true}]}}