{"id":6540,"date":"2026-04-25T15:30:00","date_gmt":"2026-04-25T15:30:00","guid":{"rendered":"https:\/\/paroquiasportosanto.pt\/?p=6540"},"modified":"2026-04-21T13:32:07","modified_gmt":"2026-04-21T13:32:07","slug":"domingo-iv-da-pascoa-ano-a","status":"publish","type":"post","link":"https:\/\/paroquiasportosanto.pt\/?p=6540","title":{"rendered":"Domingo IV da P\u00e1scoa \u2013 Ano A"},"content":{"rendered":"\n<figure class=\"wp-block-image size-large\"><img data-recalc-dims=\"1\" loading=\"lazy\" decoding=\"async\" width=\"750\" height=\"422\" src=\"https:\/\/i0.wp.com\/paroquiasportosanto.pt\/wp-content\/uploads\/2026\/04\/Domingo-IV-ano-A.jpeg?resize=750%2C422&#038;ssl=1\" alt=\"\" class=\"wp-image-6541\" srcset=\"https:\/\/i0.wp.com\/paroquiasportosanto.pt\/wp-content\/uploads\/2026\/04\/Domingo-IV-ano-A.jpeg?resize=1024%2C576&amp;ssl=1 1024w, https:\/\/i0.wp.com\/paroquiasportosanto.pt\/wp-content\/uploads\/2026\/04\/Domingo-IV-ano-A.jpeg?resize=300%2C169&amp;ssl=1 300w, https:\/\/i0.wp.com\/paroquiasportosanto.pt\/wp-content\/uploads\/2026\/04\/Domingo-IV-ano-A.jpeg?resize=150%2C84&amp;ssl=1 150w, https:\/\/i0.wp.com\/paroquiasportosanto.pt\/wp-content\/uploads\/2026\/04\/Domingo-IV-ano-A.jpeg?resize=768%2C432&amp;ssl=1 768w, https:\/\/i0.wp.com\/paroquiasportosanto.pt\/wp-content\/uploads\/2026\/04\/Domingo-IV-ano-A.jpeg?resize=1536%2C864&amp;ssl=1 1536w, https:\/\/i0.wp.com\/paroquiasportosanto.pt\/wp-content\/uploads\/2026\/04\/Domingo-IV-ano-A.jpeg?resize=18%2C10&amp;ssl=1 18w, https:\/\/i0.wp.com\/paroquiasportosanto.pt\/wp-content\/uploads\/2026\/04\/Domingo-IV-ano-A.jpeg?w=1600&amp;ssl=1 1600w\" sizes=\"auto, (max-width: 750px) 100vw, 750px\" \/><\/figure>\n\n\n\n<p><\/p>\n\n\n\n<hr class=\"wp-block-separator has-alpha-channel-opacity\"\/>\n\n\n\n<p><\/p>\n\n\n\n<blockquote class=\"wp-block-quote is-layout-flow wp-block-quote-is-layout-flow\">\n<p>O 4\u00ba Domingo da P\u00e1scoa \u00e9 considerado o \u201cDomingo do Bom Pastor\u201d, pois todos os anos a liturgia prop\u00f5e, neste domingo, um trecho do cap\u00edtulo 10 do Evangelho segundo Jo\u00e3o, no qual Jesus \u00e9 apresentado como \u201cBom Pastor\u201d. A imagem evoca proximidade, cuidado, ternura, confian\u00e7a, seguran\u00e7a, paz, vida em abund\u00e2ncia\u2026 \u00c9 bom podermos entregar a nossa vida nas m\u00e3os de um tal \u201cPastor\u201d.<br>No\u00a0<strong>Evangelho<\/strong>\u00a0Jesus recorre a duas imagens para descrever a miss\u00e3o que o Pai lhe confiou: Ele \u00e9 o \u201cPastor Bom\u201d e \u201ca porta\u201d que d\u00e1 acesso \u00e0s ovelhas. Como \u201cPastor Bom\u201d, Ele cuida das ovelhas de Deus com dedica\u00e7\u00e3o e amor, liberta-as do dom\u00ednio da escravid\u00e3o e leva-as ao encontro das pastagens verdejantes onde h\u00e1 vida em plenitude. Como \u201cporta\u201d, Ele tem uma dupla fun\u00e7\u00e3o: impede que os \u201cladr\u00f5es e salteadores\u201d tenham acesso \u00e0s \u201covelhas\u201d e torna-se a refer\u00eancia para as \u201covelhas\u201d que entram e que saem. A vida daqueles que fazem parte do \u201crebanho\u201d de Deus constr\u00f3i-se e entende-se a partir de Jesus.<br>A\u00a0<strong>primeira leitura<\/strong>\u00a0define o percurso que Jesus, \u201co Bom Pastor\u201d, desafia as suas \u201covelhas\u201d a fazer: \u00e9 preciso abandonar o ego\u00edsmo e a escravid\u00e3o (converter-se), aderir a Jesus e segui-l\u2019O (ser batizado), acolher a vida nova de Deus e deixar-se recriar, vivificar e transformar por ela (receber o Esp\u00edrito Santo).<br>Na\u00a0<strong>segunda leitura<\/strong>\u00a0um \u201cmestre\u201d crist\u00e3o do final do s\u00e9c. I convida os batizados a olharem para o exemplo de Cristo: \u201cinsultado, n\u00e3o pagava com inj\u00farias; maltratado, n\u00e3o respondia com amea\u00e7as; mas entregava-se \u00e0quele que julga com justi\u00e7a\u201d. Jesus, o \u201cPastor Bom\u201d, aponta-nos o caminho que leva \u00e0 vida. Se seguirmos as suas orienta\u00e7\u00f5es, n\u00e3o seremos \u201covelhas desgarradas\u201d. <\/p>\n\n\n\n<p><em>Sacerdotes do Cora\u00e7\u00e3o de Jesus \u2013\u00a0<\/em><a href=\"https:\/\/www.dehonianos.org\/\">Dehonianos<\/a><em>\u00a0\u2013 Portugal<\/em><\/p>\n<\/blockquote>\n","protected":false},"excerpt":{"rendered":"<p>4\u00ba domingo da P\u00e1scoa<\/p>\n<p>Eu Sou a Porta das ovelhas.<\/p>\n<p>\n","protected":false},"author":1,"featured_media":6541,"comment_status":"closed","ping_status":"closed","sticky":false,"template":"","format":"standard","meta":{"_themeisle_gutenberg_block_has_review":false,"footnotes":""},"categories":[14],"tags":[],"class_list":["post-6540","post","type-post","status-publish","format-standard","has-post-thumbnail","hentry","category-liturgia"],"_links":{"self":[{"href":"https:\/\/paroquiasportosanto.pt\/index.php?rest_route=\/wp\/v2\/posts\/6540","targetHints":{"allow":["GET"]}}],"collection":[{"href":"https:\/\/paroquiasportosanto.pt\/index.php?rest_route=\/wp\/v2\/posts"}],"about":[{"href":"https:\/\/paroquiasportosanto.pt\/index.php?rest_route=\/wp\/v2\/types\/post"}],"author":[{"embeddable":true,"href":"https:\/\/paroquiasportosanto.pt\/index.php?rest_route=\/wp\/v2\/users\/1"}],"replies":[{"embeddable":true,"href":"https:\/\/paroquiasportosanto.pt\/index.php?rest_route=%2Fwp%2Fv2%2Fcomments&post=6540"}],"version-history":[{"count":1,"href":"https:\/\/paroquiasportosanto.pt\/index.php?rest_route=\/wp\/v2\/posts\/6540\/revisions"}],"predecessor-version":[{"id":6542,"href":"https:\/\/paroquiasportosanto.pt\/index.php?rest_route=\/wp\/v2\/posts\/6540\/revisions\/6542"}],"wp:featuredmedia":[{"embeddable":true,"href":"https:\/\/paroquiasportosanto.pt\/index.php?rest_route=\/wp\/v2\/media\/6541"}],"wp:attachment":[{"href":"https:\/\/paroquiasportosanto.pt\/index.php?rest_route=%2Fwp%2Fv2%2Fmedia&parent=6540"}],"wp:term":[{"taxonomy":"category","embeddable":true,"href":"https:\/\/paroquiasportosanto.pt\/index.php?rest_route=%2Fwp%2Fv2%2Fcategories&post=6540"},{"taxonomy":"post_tag","embeddable":true,"href":"https:\/\/paroquiasportosanto.pt\/index.php?rest_route=%2Fwp%2Fv2%2Ftags&post=6540"}],"curies":[{"name":"wp","href":"https:\/\/api.w.org\/{rel}","templated":true}]}}