{"id":651,"date":"2022-02-05T09:58:10","date_gmt":"2022-02-05T09:58:10","guid":{"rendered":"https:\/\/paroquiasportosanto.pt\/?p=651"},"modified":"2022-02-05T10:38:58","modified_gmt":"2022-02-05T10:38:58","slug":"domingo-v-do-tempo-comum","status":"publish","type":"post","link":"https:\/\/paroquiasportosanto.pt\/?p=651","title":{"rendered":"Domingo V do Tempo Comum"},"content":{"rendered":"\n<div class=\"wp-block-image\"><figure class=\"aligncenter size-large is-resized\"><img data-recalc-dims=\"1\" decoding=\"async\" src=\"https:\/\/i0.wp.com\/api.ocantonaliturgia.pt\/api\/v1\/media\/DOMINGO%20V%20DO%20TEMPO%20COMUM%2C%20ANO%20C.JPG?w=750&#038;ssl=1\" alt=\"\"  \/><figcaption>Foto de &#8220;<a href=\"https:\/\/ocantonaliturgia.pt\/\">O Canto na Liturgia<\/a>&#8220;<\/figcaption><\/figure><\/div>\n\n\n\n<blockquote class=\"wp-block-quote is-layout-flow wp-block-quote-is-layout-flow\"><p><em>A liturgia deste domingo leva-nos a reflectir sobre a nossa voca\u00e7\u00e3o: somos todos chamados por Deus e d\u2019Ele recebemos uma miss\u00e3o para o mundo.<\/em><\/p><p><em>Na primeira leitura, encontramos a descri\u00e7\u00e3o pl\u00e1stica do chamamento de um profeta \u2013 Isa\u00edas. De uma forma simples e questionadora, apresenta-se o modelo de um homem que \u00e9 sens\u00edvel aos apelos de Deus e que tem a coragem de aceitar ser enviado.<\/em><\/p><p><em>No Evangelho, Lucas apresenta um grupo de disc\u00edpulos que partilharam a barca com Jesus, que acolheram as propostas de Jesus, que souberam reconhec\u00ea-l\u2019O como seu \u201cSenhor\u201d, que aceitaram o convite para ser \u201cpescadores de homens\u201d e que deixaram tudo para seguir Jesus\u2026 Neste quadro, reconhecemos o caminho que os crist\u00e3os s\u00e3o chamados a percorrer.<\/em><\/p><p><em>A segunda leitura prop\u00f5e-nos reflectir sobre a ressurrei\u00e7\u00e3o: trata-se de uma realidade que deve dar forma \u00e0 vida do disc\u00edpulo e lev\u00e1-lo a enfrentar sem medo as for\u00e7as da injusti\u00e7a e da morte. Com a sua ac\u00e7\u00e3o libertadora \u2013 que continua a ac\u00e7\u00e3o de Jesus e que renova os homens e o mundo \u2013 o disc\u00edpulo sabe que est\u00e1 a dar testemunho da ressurrei\u00e7\u00e3o de Cristo.<\/em><\/p><cite>Sacerdotes do Cora\u00e7\u00e3o de Jesus &#8211; <a href=\"https:\/\/www.dehonianos.org\/\">Dehonianos<\/a> &#8211; Portugal<\/cite><\/blockquote>\n","protected":false},"excerpt":{"rendered":"<p>&#8220;Deixaram tudo e seguiram Jesus&#8221;<\/p>\n","protected":false},"author":1,"featured_media":0,"comment_status":"closed","ping_status":"closed","sticky":false,"template":"","format":"standard","meta":{"_themeisle_gutenberg_block_has_review":false,"footnotes":""},"categories":[14],"tags":[],"class_list":["post-651","post","type-post","status-publish","format-standard","hentry","category-liturgia"],"_links":{"self":[{"href":"https:\/\/paroquiasportosanto.pt\/index.php?rest_route=\/wp\/v2\/posts\/651","targetHints":{"allow":["GET"]}}],"collection":[{"href":"https:\/\/paroquiasportosanto.pt\/index.php?rest_route=\/wp\/v2\/posts"}],"about":[{"href":"https:\/\/paroquiasportosanto.pt\/index.php?rest_route=\/wp\/v2\/types\/post"}],"author":[{"embeddable":true,"href":"https:\/\/paroquiasportosanto.pt\/index.php?rest_route=\/wp\/v2\/users\/1"}],"replies":[{"embeddable":true,"href":"https:\/\/paroquiasportosanto.pt\/index.php?rest_route=%2Fwp%2Fv2%2Fcomments&post=651"}],"version-history":[{"count":0,"href":"https:\/\/paroquiasportosanto.pt\/index.php?rest_route=\/wp\/v2\/posts\/651\/revisions"}],"wp:attachment":[{"href":"https:\/\/paroquiasportosanto.pt\/index.php?rest_route=%2Fwp%2Fv2%2Fmedia&parent=651"}],"wp:term":[{"taxonomy":"category","embeddable":true,"href":"https:\/\/paroquiasportosanto.pt\/index.php?rest_route=%2Fwp%2Fv2%2Fcategories&post=651"},{"taxonomy":"post_tag","embeddable":true,"href":"https:\/\/paroquiasportosanto.pt\/index.php?rest_route=%2Fwp%2Fv2%2Ftags&post=651"}],"curies":[{"name":"wp","href":"https:\/\/api.w.org\/{rel}","templated":true}]}}