{"id":6465,"date":"2026-04-04T15:38:24","date_gmt":"2026-04-04T15:38:24","guid":{"rendered":"https:\/\/paroquiasportosanto.pt\/?p=6465"},"modified":"2026-04-04T15:39:13","modified_gmt":"2026-04-04T15:39:13","slug":"sabado-santo-2","status":"publish","type":"post","link":"https:\/\/paroquiasportosanto.pt\/?p=6465","title":{"rendered":"S\u00e1bado Santo &#8211; Ano A"},"content":{"rendered":"<div class=\"wp-block-image\">\n<figure class=\"aligncenter size-large\"><img data-recalc-dims=\"1\" loading=\"lazy\" decoding=\"async\" width=\"750\" height=\"422\" src=\"https:\/\/i0.wp.com\/paroquiasportosanto.pt\/wp-content\/uploads\/2026\/03\/Vigilia-pascal.jpeg?resize=750%2C422&#038;ssl=1\" alt=\"\" class=\"wp-image-6466\" srcset=\"https:\/\/i0.wp.com\/paroquiasportosanto.pt\/wp-content\/uploads\/2026\/03\/Vigilia-pascal.jpeg?resize=1024%2C576&amp;ssl=1 1024w, https:\/\/i0.wp.com\/paroquiasportosanto.pt\/wp-content\/uploads\/2026\/03\/Vigilia-pascal.jpeg?resize=300%2C169&amp;ssl=1 300w, https:\/\/i0.wp.com\/paroquiasportosanto.pt\/wp-content\/uploads\/2026\/03\/Vigilia-pascal.jpeg?resize=150%2C84&amp;ssl=1 150w, https:\/\/i0.wp.com\/paroquiasportosanto.pt\/wp-content\/uploads\/2026\/03\/Vigilia-pascal.jpeg?resize=768%2C432&amp;ssl=1 768w, https:\/\/i0.wp.com\/paroquiasportosanto.pt\/wp-content\/uploads\/2026\/03\/Vigilia-pascal.jpeg?resize=1536%2C864&amp;ssl=1 1536w, https:\/\/i0.wp.com\/paroquiasportosanto.pt\/wp-content\/uploads\/2026\/03\/Vigilia-pascal.jpeg?resize=18%2C10&amp;ssl=1 18w, https:\/\/i0.wp.com\/paroquiasportosanto.pt\/wp-content\/uploads\/2026\/03\/Vigilia-pascal.jpeg?w=1600&amp;ssl=1 1600w\" sizes=\"auto, (max-width: 750px) 100vw, 750px\" \/><\/figure>\n<\/div>\n\n\n<p><\/p>\n\n\n\n<hr class=\"wp-block-separator has-alpha-channel-opacity\"\/>\n\n\n\n<p><\/p>\n\n\n\n<blockquote class=\"wp-block-quote is-layout-flow wp-block-quote-is-layout-flow\">\n<p>E viu dois anjos vestidos de branco, sentados, um \u00e0 cabeceira e outro aos p\u00e9s, onde jazera o corpo de Jesus. Disseram-lhe eles: Mulher, porque choras? Porque levaram o meu Senhor, respondeu, e n\u00e3o sei onde O puseram (Jo 20, 12-13).<\/p>\n\n\n\n<p>Primeiro Prel\u00fadio. A Sant\u00edssima Virgem exprime a sua dor com calma em casa de S. Jo\u00e3o. Madalena, mais agitada, corre a comprar perfumes e vai ao sepulcro.<\/p>\n\n\n\n<p>Segundo Prel\u00fadio. luto, compaix\u00e3o e amor, tais s\u00e3o as disposi\u00e7\u00f5es de que devo penetrar-me hoje para cumprir a minha miss\u00e3o de disc\u00edpulo do Sagrado Cora\u00e7\u00e3o.<\/p>\n\n\n\n<p>PRIMEIRO PONTO: Luto de Maria, de S. Jo\u00e3o e de Madalena. \u2013 Durante o grande luto do s\u00e1bado, Maria, os disc\u00edpulos e as santas mulheres permaneceram em casa, por causa do Sabbat. \u00abSabbato autem siluerunt secundum msndetun\u00bb (Lc 23, 56).<\/p>\n\n\n\n<p>Para Maria, havia um outro motivo: Era costume entre os Judeus que a pessoa mais estreitamente unida ao defunto, a sua m\u00e3e, a sua esposa, a irm\u00e3 permanecesse em casa durante o grande luto, enquanto que os outros membros da fam\u00edlia iam visitar o sepulcro. Na morte de L\u00e1zaro, era Madalena que permanecia em casa: Maria autem domi sedebat(Jo 11, 20).<\/p>\n\n\n\n<p>A casa para Maria, era em casa de Jo\u00e3o. Tinha-a tomado consigo por ordem de Nosso Senhor. Ex illa hora accepit eam discipulus in sua (Jo 19, 27). Pedro tamb\u00e9m estava l\u00e1, n\u00e3o deixava Jo\u00e3o naqueles dias.<\/p>\n\n\n\n<p>N\u00f3s podemos facilmente pensar que Madalena permaneceu tamb\u00e9m junto de Maria. Unidas ao p\u00e9 da cruz, estavam unidas no luto. A presen\u00e7a de Maria ado\u00e7ava o luto de Madalena. A presen\u00e7a de Madalena, que tinha sido toda regada pelo sangue de Jesus, era para Maria como um resto de Jesus mesmo.<\/p>\n\n\n\n<p>Maria abandona-se menos \u00e0 dor do que Madalena. A sua f\u00e9 n\u00e3o lhe deixa perder de vista os ensinamentos da Escritura.<\/p>\n\n\n\n<p>Ela sabe que a alma santa de Jesus n\u00e3o ser\u00e1 abandonada nos infernos e que Deus n\u00e3o permitir\u00e1 que o corpo do Santo conhe\u00e7a a corrup\u00e7\u00e3o: Quoniam non derelinques animam meam in inferno, nec dabis Sanctum tuum videre corruptionem (SI 15, 9). \/371<\/p>\n\n\n\n<p>Ela espera a sua pr\u00f3xima visita. Medita sobre a grandeza do sacrif\u00edcio e do amor de Jesus e sobre os felizes frutos que a sua Paix\u00e3o h\u00e1-de produzir: Conservabat omnia verba hoc in corde suo (Lc 2, 19).<\/p>\n\n\n\n<p>SEGUNDO PONTO: Amor e fidelidade de Maria. \u2013 Madalena ela tamb\u00e9m nos d\u00e1 um grande exemplo de fidelidade e de perseveran\u00e7a no amor de Nosso Senhor. Ela n\u00e3o tem repouso, n\u00e3o pode viver longe do seu Bem-Amado. Faz-lhe falta o seu Deus, procur\u00e1-lo-\u00e1. O seu tesouro est\u00e1 no sepulcro, l\u00e1 tamb\u00e9m est\u00e1 o seu cora\u00e7\u00e3o. As prova\u00e7\u00f5es n\u00e3o extinguiram as chamas do seu amor: Aquae multae non potuerunt extinguere caritatem (Cant. 8).<\/p>\n\n\n\n<p>o seu amor foi purificado no cadinho dos sofrimentos. \u00c9 preciso que a sua fidelidade reduplique: o seu Bem-Amado foi t\u00e3o cruelmente tra\u00eddo, abandonado! \u00c9 preciso que a sua dedica\u00e7\u00e3o seja verdadeiramente reparadora.<\/p>\n\n\n\n<p>Logo que a lei de Deus o permite, sai com as outras duas Maria para comprar perfumes (Mc 16, 1). Por mod\u00e9stia, n\u00e3o sai sozinha, consulta Pedro, Jo\u00e3o e Maria, como lhes ir\u00e1 prestar contas quando tiver encontrado o t\u00famulo vazio. A obedi\u00eancia \u00e0 Igreja e a uni\u00e3o a Maria s\u00e3o as marcas do verdadeiro esp\u00edrito de Deus. Depois da compra dos perfumes, Madalena faz uma visita ao sepulcro com uma s\u00f3 companhia:<\/p>\n\n\n\n<p>Vespere autem sabbati, venit cum altera Maria videre sepulcrum (Mt 28, 1). Toma o caminho do Calv\u00e1rio, ainda \u00e9 escuro, rev\u00ea em esp\u00edrito todas as cenas da sexta-feira. Tem medo de pisar aos p\u00e9s o precioso sangue. A cruz est\u00e1 ainda l\u00e1, \u00e9 terr\u00edvel no meio das sombras da noite. O sepulcro est\u00e1 solit\u00e1rio, os guardas dormitam. Madalena senta\u00adse e chora. A hora da consola\u00e7\u00e3o n\u00e3o chegou. Nosso Senhor deixa-a nas suas ang\u00fastias e, todavia, fortifica a sua coragem. Volta para a casa de dor, n\u00e3o encontrou o seu Bem-Amado: Per noctem quaesivi quem diligit anima mea. Quaesivi et non inveni (Cant 3, 2). \u2013 Quando tivermos perdido a presen\u00e7a de Nosso Senhor, procuremo-lo assiduamente como Madalena.<\/p>\n\n\n\n<p>TERCEIRO PONTO: Ardor de Madalena e as suas prova\u00e7\u00f5es. \u2013 O cora\u00e7\u00e3o amante de Madalena n\u00e3o conhece nem atraso nem des\u00e2nimo. Logo que isto \u00e9 poss\u00edvel: Valde mane, valde diluculo, cum adhuc tenebrae essent (Mc, Lc, Jo), Madalena sai com as outras duas Marias para voltar ao Calv\u00e1rio. Ela adianta-se, corre. Como o esposo dos C\u00e2nticos, ela disse: \u00abLeventer-me-ei de noite e percorrerei a cidade; nas ruas, nas pra\u00e7as p\u00fablicas procurarei aquele que o meu cora\u00e7\u00e3o ama. Perguntarei aos guardas das portas da cidade: N\u00e3o o vistes por acaso\u00bb? (Cant 3, 1).<\/p>\n\n\n\n<p>Durante esta noite, ela dizia com o Salmista: \u00abA minha alma suspira por v\u00f3s, \u00f3 meu Deus, como o veado sedento pela \u00e1gua das fontes. Quando vos tornarei a ver, \u00d3 meu Deus? Quando hei-de comparecer diante da vossa face? Enquanto derramo l\u00e1grimas inextingu\u00edveis, os meus inimigos riem-se e dizem-me: Onde est\u00e1 o teu Deus? \u2026 \u00d3 minha alma, espera mesmo assim, porque ainda o h\u00e1s-de louvar, o teu Senhor e o teu Deus\u00bb (SI 41).<\/p>\n\n\n\n<p>Mas Nosso Senhor quer provar ainda mais a sua fidelidade e a sua const\u00e2ncia.<\/p>\n\n\n\n<p>Chegando ao Calv\u00e1rio, Madalena v\u00ea que a pedra foi retirada e que o sepulcro est\u00e1 vazio. N\u00e3o pensava na ressurrei\u00e7\u00e3o, procurava o corpo magoado e dilacerado do seu Salvador para lhe prestar o piedoso dever de uma sepultura digna dele. Mesmo esta esperan\u00e7a \u00e9 desenganada. N\u00e3o lhe resta mais nada sen\u00e3o chorar pelo seu Jesus! \u00c9 como se fosse fulminada. Todavia, ela n\u00e3o sucumbe \u00e0 sua dor, adora, humilha-se, recorda-se dos seus pecados que justificam esta priva\u00e7\u00e3o do seu Jesus, do seu Salvador bem-amado.<\/p>\n\n\n\n<p><em>Sacerdotes do Cora\u00e7\u00e3o de Jesus \u2013&nbsp;<\/em><a href=\"https:\/\/www.dehonianos.org\/\">Dehonianos<\/a><em>&nbsp;\u2013 Portugal<\/em><\/p>\n<\/blockquote>\n\n\n\n<p><\/p>\n","protected":false},"excerpt":{"rendered":"<p>Dia de Sil\u00eancio<\/p>\n<p> A noite brilha como o dia e a escurid\u00e3o \u00e9 clara como a Luz<\/p>\n<p>\n","protected":false},"author":1,"featured_media":6466,"comment_status":"closed","ping_status":"closed","sticky":false,"template":"","format":"standard","meta":{"_themeisle_gutenberg_block_has_review":false,"footnotes":""},"categories":[14],"tags":[],"class_list":["post-6465","post","type-post","status-publish","format-standard","has-post-thumbnail","hentry","category-liturgia"],"_links":{"self":[{"href":"https:\/\/paroquiasportosanto.pt\/index.php?rest_route=\/wp\/v2\/posts\/6465","targetHints":{"allow":["GET"]}}],"collection":[{"href":"https:\/\/paroquiasportosanto.pt\/index.php?rest_route=\/wp\/v2\/posts"}],"about":[{"href":"https:\/\/paroquiasportosanto.pt\/index.php?rest_route=\/wp\/v2\/types\/post"}],"author":[{"embeddable":true,"href":"https:\/\/paroquiasportosanto.pt\/index.php?rest_route=\/wp\/v2\/users\/1"}],"replies":[{"embeddable":true,"href":"https:\/\/paroquiasportosanto.pt\/index.php?rest_route=%2Fwp%2Fv2%2Fcomments&post=6465"}],"version-history":[{"count":3,"href":"https:\/\/paroquiasportosanto.pt\/index.php?rest_route=\/wp\/v2\/posts\/6465\/revisions"}],"predecessor-version":[{"id":6477,"href":"https:\/\/paroquiasportosanto.pt\/index.php?rest_route=\/wp\/v2\/posts\/6465\/revisions\/6477"}],"wp:featuredmedia":[{"embeddable":true,"href":"https:\/\/paroquiasportosanto.pt\/index.php?rest_route=\/wp\/v2\/media\/6466"}],"wp:attachment":[{"href":"https:\/\/paroquiasportosanto.pt\/index.php?rest_route=%2Fwp%2Fv2%2Fmedia&parent=6465"}],"wp:term":[{"taxonomy":"category","embeddable":true,"href":"https:\/\/paroquiasportosanto.pt\/index.php?rest_route=%2Fwp%2Fv2%2Fcategories&post=6465"},{"taxonomy":"post_tag","embeddable":true,"href":"https:\/\/paroquiasportosanto.pt\/index.php?rest_route=%2Fwp%2Fv2%2Ftags&post=6465"}],"curies":[{"name":"wp","href":"https:\/\/api.w.org\/{rel}","templated":true}]}}