{"id":6443,"date":"2026-03-28T15:30:00","date_gmt":"2026-03-28T15:30:00","guid":{"rendered":"https:\/\/paroquiasportosanto.pt\/?p=6443"},"modified":"2026-03-26T15:17:46","modified_gmt":"2026-03-26T15:17:46","slug":"domingo-de-ramos-ano-a","status":"publish","type":"post","link":"https:\/\/paroquiasportosanto.pt\/?p=6443","title":{"rendered":"Domingo de Ramos &#8211; Ano A"},"content":{"rendered":"\n<hr class=\"wp-block-separator has-alpha-channel-opacity\"\/>\n\n\n<div class=\"wp-block-image\">\n<figure class=\"aligncenter size-large\"><img data-recalc-dims=\"1\" loading=\"lazy\" decoding=\"async\" width=\"750\" height=\"422\" src=\"https:\/\/i0.wp.com\/paroquiasportosanto.pt\/wp-content\/uploads\/2026\/03\/Domingo-de-Ramos.jpg?resize=750%2C422&#038;ssl=1\" alt=\"\" class=\"wp-image-6444\" srcset=\"https:\/\/i0.wp.com\/paroquiasportosanto.pt\/wp-content\/uploads\/2026\/03\/Domingo-de-Ramos-scaled.jpg?resize=1024%2C576&amp;ssl=1 1024w, https:\/\/i0.wp.com\/paroquiasportosanto.pt\/wp-content\/uploads\/2026\/03\/Domingo-de-Ramos-scaled.jpg?resize=300%2C169&amp;ssl=1 300w, https:\/\/i0.wp.com\/paroquiasportosanto.pt\/wp-content\/uploads\/2026\/03\/Domingo-de-Ramos-scaled.jpg?resize=150%2C84&amp;ssl=1 150w, https:\/\/i0.wp.com\/paroquiasportosanto.pt\/wp-content\/uploads\/2026\/03\/Domingo-de-Ramos-scaled.jpg?resize=768%2C432&amp;ssl=1 768w, https:\/\/i0.wp.com\/paroquiasportosanto.pt\/wp-content\/uploads\/2026\/03\/Domingo-de-Ramos-scaled.jpg?resize=1536%2C864&amp;ssl=1 1536w, https:\/\/i0.wp.com\/paroquiasportosanto.pt\/wp-content\/uploads\/2026\/03\/Domingo-de-Ramos-scaled.jpg?resize=2048%2C1152&amp;ssl=1 2048w, https:\/\/i0.wp.com\/paroquiasportosanto.pt\/wp-content\/uploads\/2026\/03\/Domingo-de-Ramos-scaled.jpg?resize=18%2C10&amp;ssl=1 18w, https:\/\/i0.wp.com\/paroquiasportosanto.pt\/wp-content\/uploads\/2026\/03\/Domingo-de-Ramos-scaled.jpg?w=2250&amp;ssl=1 2250w\" sizes=\"auto, (max-width: 750px) 100vw, 750px\" \/><\/figure>\n<\/div>\n\n\n<p><\/p>\n\n\n\n<hr class=\"wp-block-separator has-alpha-channel-opacity\"\/>\n\n\n\n<p><\/p>\n\n\n\n<blockquote class=\"wp-block-quote is-layout-flow wp-block-quote-is-layout-flow\">\n<p>A liturgia deste \u00faltimo domingo da Quaresma convida-nos a contemplar esse Deus que, por amor, desceu ao nosso encontro, partilhou a nossa humanidade, fez-Se servo dos homens, deixou-Se matar para que o ego\u00edsmo e o pecado fossem vencidos. A cruz (que a liturgia deste domingo coloca no horizonte pr\u00f3ximo de Jesus) apresenta-nos a li\u00e7\u00e3o suprema, o \u00faltimo passo desse caminho de vida nova que, em Jesus, Deus nos prop\u00f5e: a doa\u00e7\u00e3o da vida por amor.<br>A primeira leitura apresenta-nos um profeta an\u00f3nimo, chamado por Deus a testemunhar no meio das na\u00e7\u00f5es a Palavra da salva\u00e7\u00e3o. Apesar do sofrimento e da persegui\u00e7\u00e3o, o profeta confiou em Deus e concretizou, com teimosa fidelidade, os projectos de Deus. Os primeiros crist\u00e3os viram neste \u201cservo\u201d a figura de Jesus.<br>A segunda leitura apresenta-nos o exemplo de Cristo. Ele prescindiu do orgulho e da arrog\u00e2ncia, para escolher a obedi\u00eancia ao Pai e o servi\u00e7o aos homens, at\u00e9 ao dom da vida. \u00c9 esse mesmo caminho de vida que a Palavra de Deus nos prop\u00f5e.<br>O Evangelho convida-nos a contemplar a paix\u00e3o e morte de Jesus: \u00e9 o momento supremo de uma vida feita dom e servi\u00e7o, a fim de libertar os homens de tudo aquilo que gera ego\u00edsmo e escravid\u00e3o. Na cruz, revela-se o amor de Deus \u2013 esse amor que n\u00e3o guarda nada para si, mas que se faz dom total.<\/p>\n\n\n\n<p><em>Sacerdotes do Cora\u00e7\u00e3o de Jesus \u2013\u00a0<\/em><a href=\"https:\/\/www.dehonianos.org\/\">Dehonianos<\/a><em>\u00a0\u2013 Portugal<\/em><\/p>\n<\/blockquote>\n","protected":false},"excerpt":{"rendered":"<p>Domingo de Ramos<\/p>\n<p>Hossana ao Filho de David<\/p>\n<p>\n","protected":false},"author":1,"featured_media":6444,"comment_status":"closed","ping_status":"closed","sticky":false,"template":"","format":"standard","meta":{"_themeisle_gutenberg_block_has_review":false,"footnotes":""},"categories":[14],"tags":[],"class_list":["post-6443","post","type-post","status-publish","format-standard","has-post-thumbnail","hentry","category-liturgia"],"_links":{"self":[{"href":"https:\/\/paroquiasportosanto.pt\/index.php?rest_route=\/wp\/v2\/posts\/6443","targetHints":{"allow":["GET"]}}],"collection":[{"href":"https:\/\/paroquiasportosanto.pt\/index.php?rest_route=\/wp\/v2\/posts"}],"about":[{"href":"https:\/\/paroquiasportosanto.pt\/index.php?rest_route=\/wp\/v2\/types\/post"}],"author":[{"embeddable":true,"href":"https:\/\/paroquiasportosanto.pt\/index.php?rest_route=\/wp\/v2\/users\/1"}],"replies":[{"embeddable":true,"href":"https:\/\/paroquiasportosanto.pt\/index.php?rest_route=%2Fwp%2Fv2%2Fcomments&post=6443"}],"version-history":[{"count":2,"href":"https:\/\/paroquiasportosanto.pt\/index.php?rest_route=\/wp\/v2\/posts\/6443\/revisions"}],"predecessor-version":[{"id":6447,"href":"https:\/\/paroquiasportosanto.pt\/index.php?rest_route=\/wp\/v2\/posts\/6443\/revisions\/6447"}],"wp:featuredmedia":[{"embeddable":true,"href":"https:\/\/paroquiasportosanto.pt\/index.php?rest_route=\/wp\/v2\/media\/6444"}],"wp:attachment":[{"href":"https:\/\/paroquiasportosanto.pt\/index.php?rest_route=%2Fwp%2Fv2%2Fmedia&parent=6443"}],"wp:term":[{"taxonomy":"category","embeddable":true,"href":"https:\/\/paroquiasportosanto.pt\/index.php?rest_route=%2Fwp%2Fv2%2Fcategories&post=6443"},{"taxonomy":"post_tag","embeddable":true,"href":"https:\/\/paroquiasportosanto.pt\/index.php?rest_route=%2Fwp%2Fv2%2Ftags&post=6443"}],"curies":[{"name":"wp","href":"https:\/\/api.w.org\/{rel}","templated":true}]}}