{"id":6341,"date":"2026-03-06T21:30:00","date_gmt":"2026-03-06T21:30:00","guid":{"rendered":"https:\/\/paroquiasportosanto.pt\/?p=6341"},"modified":"2026-03-05T13:11:08","modified_gmt":"2026-03-05T13:11:08","slug":"bencao-aos-pais","status":"publish","type":"post","link":"https:\/\/paroquiasportosanto.pt\/?p=6341","title":{"rendered":"B\u00ean\u00e7\u00e3o aos Pais"},"content":{"rendered":"\n<hr class=\"wp-block-separator has-alpha-channel-opacity\"\/>\n\n\n\n<p><\/p>\n\n\n\n<figure class=\"wp-block-image size-large is-resized\"><img data-recalc-dims=\"1\" loading=\"lazy\" decoding=\"async\" width=\"750\" height=\"938\" src=\"https:\/\/i0.wp.com\/paroquiasportosanto.pt\/wp-content\/uploads\/2026\/03\/Dia-do-Pai-1.png?resize=750%2C938&#038;ssl=1\" alt=\"\" class=\"wp-image-6342\" style=\"width:840px;height:auto\" srcset=\"https:\/\/i0.wp.com\/paroquiasportosanto.pt\/wp-content\/uploads\/2026\/03\/Dia-do-Pai-1.png?resize=819%2C1024&amp;ssl=1 819w, https:\/\/i0.wp.com\/paroquiasportosanto.pt\/wp-content\/uploads\/2026\/03\/Dia-do-Pai-1.png?resize=240%2C300&amp;ssl=1 240w, https:\/\/i0.wp.com\/paroquiasportosanto.pt\/wp-content\/uploads\/2026\/03\/Dia-do-Pai-1.png?resize=120%2C150&amp;ssl=1 120w, https:\/\/i0.wp.com\/paroquiasportosanto.pt\/wp-content\/uploads\/2026\/03\/Dia-do-Pai-1.png?resize=768%2C960&amp;ssl=1 768w, https:\/\/i0.wp.com\/paroquiasportosanto.pt\/wp-content\/uploads\/2026\/03\/Dia-do-Pai-1.png?resize=10%2C12&amp;ssl=1 10w, https:\/\/i0.wp.com\/paroquiasportosanto.pt\/wp-content\/uploads\/2026\/03\/Dia-do-Pai-1.png?w=1080&amp;ssl=1 1080w\" sizes=\"auto, (max-width: 750px) 100vw, 750px\" \/><\/figure>\n\n\n\n<p><\/p>\n\n\n\n<hr class=\"wp-block-separator has-alpha-channel-opacity\"\/>\n\n\n\n<p><\/p>\n\n\n\n<p>Nos pr\u00f3ximos dias 21 e 22 de Mar\u00e7o, nas eucaristias das nossas par\u00f3quias, far-se-\u00e1 a ben\u00e7\u00e3o de todos os pais neste m\u00eas dedicado a S. Jos\u00e9, padroeiro de todos os pais. Pedimos a todos os pais que possam que participem nestas celebra\u00e7\u00f5es.<\/p>\n\n\n\n<p><\/p>\n","protected":false},"excerpt":{"rendered":"<p>Nos pr\u00f3ximos dias 21 e 22 de mar\u00e7o nas Eucaristias<\/p>\n","protected":false},"author":1,"featured_media":6343,"comment_status":"closed","ping_status":"closed","sticky":false,"template":"","format":"standard","meta":{"_themeisle_gutenberg_block_has_review":false,"footnotes":""},"categories":[6],"tags":[],"class_list":["post-6341","post","type-post","status-publish","format-standard","has-post-thumbnail","hentry","category-celebracoes"],"_links":{"self":[{"href":"https:\/\/paroquiasportosanto.pt\/index.php?rest_route=\/wp\/v2\/posts\/6341","targetHints":{"allow":["GET"]}}],"collection":[{"href":"https:\/\/paroquiasportosanto.pt\/index.php?rest_route=\/wp\/v2\/posts"}],"about":[{"href":"https:\/\/paroquiasportosanto.pt\/index.php?rest_route=\/wp\/v2\/types\/post"}],"author":[{"embeddable":true,"href":"https:\/\/paroquiasportosanto.pt\/index.php?rest_route=\/wp\/v2\/users\/1"}],"replies":[{"embeddable":true,"href":"https:\/\/paroquiasportosanto.pt\/index.php?rest_route=%2Fwp%2Fv2%2Fcomments&post=6341"}],"version-history":[{"count":1,"href":"https:\/\/paroquiasportosanto.pt\/index.php?rest_route=\/wp\/v2\/posts\/6341\/revisions"}],"predecessor-version":[{"id":6344,"href":"https:\/\/paroquiasportosanto.pt\/index.php?rest_route=\/wp\/v2\/posts\/6341\/revisions\/6344"}],"wp:featuredmedia":[{"embeddable":true,"href":"https:\/\/paroquiasportosanto.pt\/index.php?rest_route=\/wp\/v2\/media\/6343"}],"wp:attachment":[{"href":"https:\/\/paroquiasportosanto.pt\/index.php?rest_route=%2Fwp%2Fv2%2Fmedia&parent=6341"}],"wp:term":[{"taxonomy":"category","embeddable":true,"href":"https:\/\/paroquiasportosanto.pt\/index.php?rest_route=%2Fwp%2Fv2%2Fcategories&post=6341"},{"taxonomy":"post_tag","embeddable":true,"href":"https:\/\/paroquiasportosanto.pt\/index.php?rest_route=%2Fwp%2Fv2%2Ftags&post=6341"}],"curies":[{"name":"wp","href":"https:\/\/api.w.org\/{rel}","templated":true}]}}