{"id":620,"date":"2022-01-30T13:51:57","date_gmt":"2022-01-30T13:51:57","guid":{"rendered":"https:\/\/paroquiasportosanto.pt\/?p=620"},"modified":"2022-02-05T10:02:22","modified_gmt":"2022-02-05T10:02:22","slug":"festa-da-apresentacao-do-senhor-2-de-fevereiro","status":"publish","type":"post","link":"https:\/\/paroquiasportosanto.pt\/?p=620","title":{"rendered":"Festa da Apresenta\u00e7\u00e3o do Senhor &#8211; 2 de Fevereiro"},"content":{"rendered":"\n<div class=\"wp-block-image\"><figure class=\"aligncenter size-full\"><img data-recalc-dims=\"1\" loading=\"lazy\" decoding=\"async\" width=\"680\" height=\"378\" src=\"https:\/\/i0.wp.com\/paroquiasportosanto.pt\/wp-content\/uploads\/2022\/01\/aprsentac%CC%A7a%CC%83o.jpeg?resize=680%2C378&#038;ssl=1\" alt=\"\" class=\"wp-image-622\" srcset=\"https:\/\/i0.wp.com\/paroquiasportosanto.pt\/wp-content\/uploads\/2022\/01\/aprsentac%CC%A7a%CC%83o.jpeg?w=680&amp;ssl=1 680w, https:\/\/i0.wp.com\/paroquiasportosanto.pt\/wp-content\/uploads\/2022\/01\/aprsentac%CC%A7a%CC%83o.jpeg?resize=300%2C167&amp;ssl=1 300w\" sizes=\"auto, (max-width: 680px) 100vw, 680px\" \/><\/figure><\/div>\n\n\n\n<blockquote class=\"wp-block-quote is-layout-flow wp-block-quote-is-layout-flow\"><p><em>Esta festa j\u00e1 era celebrada em Jerusal\u00e9m, no s\u00e9culo IV. Chamava-se festa do encontro, hypap\u00e1nt\u00e8 , em grego. Em 534, a festa estendeu-se a Constantinopla e, no tempo do Papa S\u00e9rgio, chegou a Roma e ao Ocidente. Em Roma, a festa inclu\u00eda uma prociss\u00e3o at\u00e9 \u00e0 Bas\u00edlica de S. Maria Maior. No s\u00e9culo X, come\u00e7aram a benzer-se as velas.<\/em><\/p><p><em>Jos\u00e9 e Maria levam o Menino Jesus ao templo, oferecendo-o ao Pai. Como toda a oferta implica ren\u00fancia, a Apresenta\u00e7\u00e3o do Senhor \u00e9 j\u00e1 o come\u00e7o do mist\u00e9rio do sofrimento redentor de Jesus, que atingir\u00e1 o seu ponto culminante no Calv\u00e1rio. Maria e Jos\u00e9 unem-se \u00e0 oferta do seu divino Filho estando a seu lado e colaborando, cada um a seu modo, na obra da Reden\u00e7\u00e3o.<\/em><\/p><cite>Sacerdotes do Cora\u00e7\u00e3o de Jesus &#8211; <a href=\"https:\/\/www.dehonianos.org\/\">Dehonianos<\/a> &#8211; Portugal<\/cite><\/blockquote>\n","protected":false},"excerpt":{"rendered":"<p>Dia do Consagrado e de N.\u00aa Sr.\u00aa das Candeias<\/p>\n","protected":false},"author":1,"featured_media":618,"comment_status":"closed","ping_status":"closed","sticky":false,"template":"","format":"standard","meta":{"_themeisle_gutenberg_block_has_review":false,"footnotes":""},"categories":[14],"tags":[],"class_list":["post-620","post","type-post","status-publish","format-standard","has-post-thumbnail","hentry","category-liturgia"],"_links":{"self":[{"href":"https:\/\/paroquiasportosanto.pt\/index.php?rest_route=\/wp\/v2\/posts\/620","targetHints":{"allow":["GET"]}}],"collection":[{"href":"https:\/\/paroquiasportosanto.pt\/index.php?rest_route=\/wp\/v2\/posts"}],"about":[{"href":"https:\/\/paroquiasportosanto.pt\/index.php?rest_route=\/wp\/v2\/types\/post"}],"author":[{"embeddable":true,"href":"https:\/\/paroquiasportosanto.pt\/index.php?rest_route=\/wp\/v2\/users\/1"}],"replies":[{"embeddable":true,"href":"https:\/\/paroquiasportosanto.pt\/index.php?rest_route=%2Fwp%2Fv2%2Fcomments&post=620"}],"version-history":[{"count":0,"href":"https:\/\/paroquiasportosanto.pt\/index.php?rest_route=\/wp\/v2\/posts\/620\/revisions"}],"wp:featuredmedia":[{"embeddable":true,"href":"https:\/\/paroquiasportosanto.pt\/index.php?rest_route=\/wp\/v2\/media\/618"}],"wp:attachment":[{"href":"https:\/\/paroquiasportosanto.pt\/index.php?rest_route=%2Fwp%2Fv2%2Fmedia&parent=620"}],"wp:term":[{"taxonomy":"category","embeddable":true,"href":"https:\/\/paroquiasportosanto.pt\/index.php?rest_route=%2Fwp%2Fv2%2Fcategories&post=620"},{"taxonomy":"post_tag","embeddable":true,"href":"https:\/\/paroquiasportosanto.pt\/index.php?rest_route=%2Fwp%2Fv2%2Ftags&post=620"}],"curies":[{"name":"wp","href":"https:\/\/api.w.org\/{rel}","templated":true}]}}