{"id":5700,"date":"2025-12-05T11:12:26","date_gmt":"2025-12-05T11:12:26","guid":{"rendered":"https:\/\/paroquiasportosanto.pt\/?p=5700"},"modified":"2025-12-05T11:12:37","modified_gmt":"2025-12-05T11:12:37","slug":"reflexao-oracao-no-tempo-de-advento","status":"publish","type":"post","link":"https:\/\/paroquiasportosanto.pt\/?p=5700","title":{"rendered":"Reflex\u00e3o | Ora\u00e7\u00e3o no Tempo de Advento"},"content":{"rendered":"<div class=\"wp-block-image\">\n<figure class=\"aligncenter size-large\"><img data-recalc-dims=\"1\" loading=\"lazy\" decoding=\"async\" width=\"750\" height=\"750\" src=\"https:\/\/i0.wp.com\/paroquiasportosanto.pt\/wp-content\/uploads\/2025\/11\/Recoleccao-Advento-2025-1.png?resize=750%2C750&#038;ssl=1\" alt=\"\" class=\"wp-image-5701\" srcset=\"https:\/\/i0.wp.com\/paroquiasportosanto.pt\/wp-content\/uploads\/2025\/11\/Recoleccao-Advento-2025-1.png?resize=1024%2C1024&amp;ssl=1 1024w, https:\/\/i0.wp.com\/paroquiasportosanto.pt\/wp-content\/uploads\/2025\/11\/Recoleccao-Advento-2025-1.png?resize=300%2C300&amp;ssl=1 300w, https:\/\/i0.wp.com\/paroquiasportosanto.pt\/wp-content\/uploads\/2025\/11\/Recoleccao-Advento-2025-1.png?resize=150%2C150&amp;ssl=1 150w, https:\/\/i0.wp.com\/paroquiasportosanto.pt\/wp-content\/uploads\/2025\/11\/Recoleccao-Advento-2025-1.png?resize=768%2C768&amp;ssl=1 768w, https:\/\/i0.wp.com\/paroquiasportosanto.pt\/wp-content\/uploads\/2025\/11\/Recoleccao-Advento-2025-1.png?resize=12%2C12&amp;ssl=1 12w, https:\/\/i0.wp.com\/paroquiasportosanto.pt\/wp-content\/uploads\/2025\/11\/Recoleccao-Advento-2025-1.png?w=1080&amp;ssl=1 1080w\" sizes=\"auto, (max-width: 750px) 100vw, 750px\" \/><\/figure>\n<\/div>\n\n\n<p><\/p>\n\n\n\n<hr class=\"wp-block-separator has-alpha-channel-opacity\"\/>\n\n\n\n<p><\/p>\n\n\n\n<p>Tarde de reflex\u00e3o\/ora\u00e7\u00e3o no tempo de Advento, no Centro de Dia da Funda\u00e7\u00e3o Nossa Senhora da Piedade, domingo, 07 de dezembro, das 15:00 \u00e0s 18:00. Aberto a todos que queiram passar uma tarde com Deus na ora\u00e7\u00e3o e sil\u00eancio.<\/p>\n\n\n\n<p>&#8211; trazer a B\u00edblia e um caderno para anotar<\/p>\n\n\n\n<p>&#8211; trazer algo para partilhar no conv\u00edvio final<\/p>\n","protected":false},"excerpt":{"rendered":"<p>Centro de Dia da Funda\u00e7\u00e3o Nossa Senhora da Piedade<\/p>\n<p>07 de dezembro das 15:00 \u00e0s 18:00<\/p>\n<p>\n","protected":false},"author":1,"featured_media":5702,"comment_status":"closed","ping_status":"closed","sticky":false,"template":"","format":"standard","meta":{"_themeisle_gutenberg_block_has_review":false,"footnotes":""},"categories":[10],"tags":[],"class_list":["post-5700","post","type-post","status-publish","format-standard","has-post-thumbnail","hentry","category-encontros"],"_links":{"self":[{"href":"https:\/\/paroquiasportosanto.pt\/index.php?rest_route=\/wp\/v2\/posts\/5700","targetHints":{"allow":["GET"]}}],"collection":[{"href":"https:\/\/paroquiasportosanto.pt\/index.php?rest_route=\/wp\/v2\/posts"}],"about":[{"href":"https:\/\/paroquiasportosanto.pt\/index.php?rest_route=\/wp\/v2\/types\/post"}],"author":[{"embeddable":true,"href":"https:\/\/paroquiasportosanto.pt\/index.php?rest_route=\/wp\/v2\/users\/1"}],"replies":[{"embeddable":true,"href":"https:\/\/paroquiasportosanto.pt\/index.php?rest_route=%2Fwp%2Fv2%2Fcomments&post=5700"}],"version-history":[{"count":1,"href":"https:\/\/paroquiasportosanto.pt\/index.php?rest_route=\/wp\/v2\/posts\/5700\/revisions"}],"predecessor-version":[{"id":5703,"href":"https:\/\/paroquiasportosanto.pt\/index.php?rest_route=\/wp\/v2\/posts\/5700\/revisions\/5703"}],"wp:featuredmedia":[{"embeddable":true,"href":"https:\/\/paroquiasportosanto.pt\/index.php?rest_route=\/wp\/v2\/media\/5702"}],"wp:attachment":[{"href":"https:\/\/paroquiasportosanto.pt\/index.php?rest_route=%2Fwp%2Fv2%2Fmedia&parent=5700"}],"wp:term":[{"taxonomy":"category","embeddable":true,"href":"https:\/\/paroquiasportosanto.pt\/index.php?rest_route=%2Fwp%2Fv2%2Fcategories&post=5700"},{"taxonomy":"post_tag","embeddable":true,"href":"https:\/\/paroquiasportosanto.pt\/index.php?rest_route=%2Fwp%2Fv2%2Ftags&post=5700"}],"curies":[{"name":"wp","href":"https:\/\/api.w.org\/{rel}","templated":true}]}}