{"id":4880,"date":"2025-06-15T17:13:22","date_gmt":"2025-06-15T17:13:22","guid":{"rendered":"https:\/\/paroquiasportosanto.pt\/?p=4880"},"modified":"2026-04-24T08:16:11","modified_gmt":"2026-04-24T08:16:11","slug":"jubileu-no-porto-santo","status":"publish","type":"post","link":"https:\/\/paroquiasportosanto.pt\/?p=4880","title":{"rendered":"Jubileu no Porto Santo 2025"},"content":{"rendered":"<div class=\"wp-block-image\">\n<figure class=\"aligncenter size-full\"><img data-recalc-dims=\"1\" loading=\"lazy\" decoding=\"async\" width=\"750\" height=\"1060\" src=\"https:\/\/i0.wp.com\/paroquiasportosanto.pt\/wp-content\/uploads\/2025\/05\/Cartaz-Jubileu-2025-Porto-Santo-4-4-scaled.png?resize=750%2C1060&#038;ssl=1\" alt=\"\" class=\"wp-image-4881\" srcset=\"https:\/\/i0.wp.com\/paroquiasportosanto.pt\/wp-content\/uploads\/2025\/05\/Cartaz-Jubileu-2025-Porto-Santo-4-4-scaled.png?w=1811&amp;ssl=1 1811w, https:\/\/i0.wp.com\/paroquiasportosanto.pt\/wp-content\/uploads\/2025\/05\/Cartaz-Jubileu-2025-Porto-Santo-4-4-scaled.png?resize=212%2C300&amp;ssl=1 212w, https:\/\/i0.wp.com\/paroquiasportosanto.pt\/wp-content\/uploads\/2025\/05\/Cartaz-Jubileu-2025-Porto-Santo-4-4-scaled.png?w=1500&amp;ssl=1 1500w\" sizes=\"auto, (max-width: 750px) 100vw, 750px\" \/><\/figure>\n<\/div>\n\n\n<hr class=\"wp-block-separator has-alpha-channel-opacity\"\/>\n\n\n\n<p class=\"has-text-align-center has-black-color has-text-color has-link-color has-large-font-size wp-elements-0c09b96b015b7b590c323658566db5d5\"><strong>ENCONTRO DE CANTARES DO ESP\u00cdRITO SANTO &#8211; 05 de junho de 2025<\/strong><\/p>\n\n\n\n<iframe loading=\"lazy\" src=\"https:\/\/www.facebook.com\/plugins\/post.php?href=https%3A%2F%2Fwww.facebook.com%2Fparoquiasdo.portosanto%2Fposts%2Fpfbid02VuN9ATjMxKj6M6jKhKTBZ7AUm5RWTXpDqjEpfSCQVTBKb8o8BRVk43c5oKcFjcRul&#038;show_text=true&#038;width=500\" width=\"500\" height=\"701\" style=\"border:none;overflow:hidden\" scrolling=\"no\" frameborder=\"0\" allowfullscreen=\"true\" allow=\"autoplay; clipboard-write; encrypted-media; picture-in-picture; web-share\"><\/iframe>\n\n\n\n<hr class=\"wp-block-separator has-alpha-channel-opacity\"\/>\n\n\n\n<p class=\"has-text-align-center has-large-font-size\"><strong>PEREGRINA\u00c7\u00c3O AO SANTU\u00c1RIO DE NOSSA SENHORA DA GRA\u00c7A &#8211; 05 de junho de 2025<\/strong><\/p>\n\n\n\n<iframe loading=\"lazy\" src=\"https:\/\/www.facebook.com\/plugins\/post.php?href=https%3A%2F%2Fwww.facebook.com%2Fparoquiasdo.portosanto%2Fposts%2Fpfbid02ncpgtJsdFZrRV1eWn5WfLsMFgSTjbNCgPDSMY1hNnUk9eVUd4gZUmzjDdamzWQHcl&#038;show_text=true&#038;width=500\" width=\"500\" height=\"707\" style=\"border:none;overflow:hidden\" scrolling=\"no\" frameborder=\"0\" allowfullscreen=\"true\" allow=\"autoplay; clipboard-write; encrypted-media; picture-in-picture; web-share\"><\/iframe>\n\n\n\n<hr class=\"wp-block-separator has-alpha-channel-opacity\"\/>\n\n\n\n<p class=\"has-text-align-center has-large-font-size\"><strong>CELEBRA\u00c7\u00c3O JUBILAR &#8211; CONCERTO NINFAS DO ATL\u00c2NTICO &#8211; DJ MICHAEL &#8211; 06 de junho de 2025<\/strong><\/p>\n\n\n\n<iframe loading=\"lazy\" src=\"https:\/\/www.facebook.com\/plugins\/post.php?href=https%3A%2F%2Fwww.facebook.com%2Fparoquiasdo.portosanto%2Fposts%2Fpfbid02zmLaEBwwqo6atRuQJgp7Kr256ifefvtoKF4GSEKKAzXKLpSW2mEzqbKjnEjb5jzul&#038;show_text=true&#038;width=500\" width=\"500\" height=\"720\" style=\"border:none;overflow:hidden\" scrolling=\"no\" frameborder=\"0\" allowfullscreen=\"true\" allow=\"autoplay; clipboard-write; encrypted-media; picture-in-picture; web-share\"><\/iframe>\n\n\n\n<hr class=\"wp-block-separator has-alpha-channel-opacity\"\/>\n\n\n\n<p class=\"has-text-align-center has-large-font-size\"><strong>Registos da Comiss\u00e3o do Jubileu da Diocese do Funchal<\/strong><\/p>\n\n\n\n<iframe loading=\"lazy\" src=\"https:\/\/www.facebook.com\/plugins\/post.php?href=https%3A%2F%2Fwww.facebook.com%2Fpermalink.php%3Fstory_fbid%3Dpfbid0NjbyjMzcvbMCs5jACUnWGamaTr7G85NhbJEEPyibDz7aRP493gC2K94rvAQocW4xl%26id%3D61565946663831&#038;show_text=true&#038;width=500\" width=\"500\" height=\"652\" style=\"border:none;overflow:hidden\" scrolling=\"no\" frameborder=\"0\" allowfullscreen=\"true\" allow=\"autoplay; clipboard-write; encrypted-media; picture-in-picture; web-share\"><\/iframe>\n\n\n\n<hr class=\"wp-block-separator has-alpha-channel-opacity\"\/>\n\n\n\n<iframe loading=\"lazy\" src=\"https:\/\/www.facebook.com\/plugins\/post.php?href=https%3A%2F%2Fwww.facebook.com%2Fpermalink.php%3Fstory_fbid%3Dpfbid0huUJdVJzpHKMHroPbYy3HjxGjAo8X7nd7AmtUcHEWxatxuE3yWmB51jBVj3Pzo2tl%26id%3D61565946663831&#038;show_text=true&#038;width=500\" width=\"500\" height=\"652\" style=\"border:none;overflow:hidden\" scrolling=\"no\" frameborder=\"0\" allowfullscreen=\"true\" allow=\"autoplay; clipboard-write; encrypted-media; picture-in-picture; web-share\"><\/iframe>\n\n\n\n<hr class=\"wp-block-separator has-alpha-channel-opacity\"\/>\n\n\n\n<iframe loading=\"lazy\" src=\"https:\/\/www.facebook.com\/plugins\/post.php?href=https%3A%2F%2Fwww.facebook.com%2Fchristian.rod.5437%2Fposts%2Fpfbid0mmu4HyHrcUcmDecCJDhHSCZ2TQ33CdBVJ7xr1U5TEarGSxQkDGLnJVuwqCKnZ3s7l&#038;show_text=true&#038;width=500\" width=\"500\" height=\"600\" style=\"border:none;overflow:hidden\" scrolling=\"no\" frameborder=\"0\" allowfullscreen=\"true\" allow=\"autoplay; clipboard-write; encrypted-media; picture-in-picture; web-share\"><\/iframe>\n\n\n\n<hr class=\"wp-block-separator has-alpha-channel-opacity\"\/>\n\n\n\n<p class=\"has-text-align-center has-large-font-size\"><strong>Not\u00edcia do Jornal da Madeira<\/strong><\/p>\n\n\n\n<iframe loading=\"lazy\" src=\"https:\/\/www.facebook.com\/plugins\/post.php?href=https%3A%2F%2Fwww.facebook.com%2Fjornaldamadeira%2Fposts%2Fpfbid02UMGTnViPtZtL1BVtTEgR4rdDamsZK54kiyTtCoeJMAX4dKWVjtthrBCCaV5LZb6Vl&#038;show_text=true&#038;width=500\" width=\"500\" height=\"788\" style=\"border:none;overflow:hidden\" scrolling=\"no\" frameborder=\"0\" allowfullscreen=\"true\" allow=\"autoplay; clipboard-write; encrypted-media; picture-in-picture; web-share\"><\/iframe>\n\n\n\n<hr class=\"wp-block-separator has-alpha-channel-opacity\"\/>\n\n\n\n<iframe loading=\"lazy\" src=\"https:\/\/www.facebook.com\/plugins\/post.php?href=https%3A%2F%2Fwww.facebook.com%2Fjornaldamadeira%2Fposts%2Fpfbid0GoNbhKRtrwSD7Z23ptaK5Law18vdqiWbb161qsCFCQ9BBHPzMZKWjswFTqmt17z5l&#038;show_text=true&#038;width=500\" width=\"500\" height=\"788\" style=\"border:none;overflow:hidden\" scrolling=\"no\" frameborder=\"0\" allowfullscreen=\"true\" allow=\"autoplay; clipboard-write; encrypted-media; picture-in-picture; web-share\"><\/iframe>\n\n\n\n<hr class=\"wp-block-separator has-alpha-channel-opacity\"\/>\n\n\n\n<p><\/p>\n\n\n\n<p class=\"has-text-align-center has-large-font-size\"><strong>Concerto das Ninfas do Atl\u00e2ntico<\/strong><\/p>\n\n\n\n<iframe loading=\"lazy\" src=\"https:\/\/www.facebook.com\/plugins\/video.php?height=314&#038;href=https%3A%2F%2Fwww.facebook.com%2Fparoquiasdo.portosanto%2Fvideos%2F2481684568885027%2F&#038;show_text=false&#038;width=560&#038;t=0\" width=\"560\" height=\"314\" style=\"border:none;overflow:hidden\" scrolling=\"no\" frameborder=\"0\" allowfullscreen=\"true\" allow=\"autoplay; clipboard-write; encrypted-media; picture-in-picture; web-share\" allowFullScreen=\"true\"><\/iframe>\n\n\n\n<p><\/p>\n\n\n\n<hr class=\"wp-block-separator has-alpha-channel-opacity\"\/>\n\n\n\n<p><\/p>\n\n\n\n<iframe loading=\"lazy\" src=\"https:\/\/www.facebook.com\/plugins\/video.php?height=314&#038;href=https%3A%2F%2Fwww.facebook.com%2Fparoquiasdo.portosanto%2Fvideos%2F1273951554100299%2F&#038;show_text=false&#038;width=560&#038;t=0\" width=\"560\" height=\"314\" style=\"border:none;overflow:hidden\" scrolling=\"no\" frameborder=\"0\" allowfullscreen=\"true\" allow=\"autoplay; clipboard-write; encrypted-media; picture-in-picture; web-share\" allowFullScreen=\"true\"><\/iframe>\n\n\n\n<p><\/p>\n\n\n\n<hr class=\"wp-block-separator has-alpha-channel-opacity\"\/>\n\n\n\n<p><\/p>\n\n\n\n<iframe loading=\"lazy\" src=\"https:\/\/www.facebook.com\/plugins\/video.php?height=314&#038;href=https%3A%2F%2Fwww.facebook.com%2Fparoquiasdo.portosanto%2Fvideos%2F1377798786792384%2F&#038;show_text=false&#038;width=560&#038;t=0\" width=\"560\" height=\"314\" style=\"border:none;overflow:hidden\" scrolling=\"no\" frameborder=\"0\" allowfullscreen=\"true\" allow=\"autoplay; clipboard-write; encrypted-media; picture-in-picture; web-share\" allowFullScreen=\"true\"><\/iframe>\n\n\n\n<p><\/p>\n\n\n\n<hr class=\"wp-block-separator has-alpha-channel-opacity\"\/>\n\n\n\n<p><\/p>\n\n\n\n<iframe loading=\"lazy\" src=\"https:\/\/www.facebook.com\/plugins\/video.php?height=476&#038;href=https%3A%2F%2Fwww.facebook.com%2Fparoquiasdo.portosanto%2Fvideos%2F3437940403049044%2F&#038;show_text=false&#038;width=267&#038;t=0\" width=\"267\" height=\"476\" style=\"border:none;overflow:hidden\" scrolling=\"no\" frameborder=\"0\" allowfullscreen=\"true\" allow=\"autoplay; clipboard-write; encrypted-media; picture-in-picture; web-share\" allowFullScreen=\"true\"><\/iframe>\n\n\n\n<p><\/p>\n\n\n\n<hr class=\"wp-block-separator has-alpha-channel-opacity\"\/>\n\n\n\n<p><\/p>\n\n\n<div class=\"wp-block-image\">\n<figure class=\"aligncenter size-large\"><img data-recalc-dims=\"1\" loading=\"lazy\" decoding=\"async\" width=\"750\" height=\"617\" src=\"https:\/\/i0.wp.com\/paroquiasportosanto.pt\/wp-content\/uploads\/2025\/06\/Captura-de-ecra-2025-06-13-as-22.20.48-1.png?resize=750%2C617&#038;ssl=1\" alt=\"\" class=\"wp-image-5070\" srcset=\"https:\/\/i0.wp.com\/paroquiasportosanto.pt\/wp-content\/uploads\/2025\/06\/Captura-de-ecra-2025-06-13-as-22.20.48-1.png?resize=1024%2C843&amp;ssl=1 1024w, https:\/\/i0.wp.com\/paroquiasportosanto.pt\/wp-content\/uploads\/2025\/06\/Captura-de-ecra-2025-06-13-as-22.20.48-1.png?resize=300%2C247&amp;ssl=1 300w, https:\/\/i0.wp.com\/paroquiasportosanto.pt\/wp-content\/uploads\/2025\/06\/Captura-de-ecra-2025-06-13-as-22.20.48-1.png?resize=150%2C124&amp;ssl=1 150w, https:\/\/i0.wp.com\/paroquiasportosanto.pt\/wp-content\/uploads\/2025\/06\/Captura-de-ecra-2025-06-13-as-22.20.48-1.png?resize=768%2C633&amp;ssl=1 768w, https:\/\/i0.wp.com\/paroquiasportosanto.pt\/wp-content\/uploads\/2025\/06\/Captura-de-ecra-2025-06-13-as-22.20.48-1.png?resize=15%2C12&amp;ssl=1 15w, https:\/\/i0.wp.com\/paroquiasportosanto.pt\/wp-content\/uploads\/2025\/06\/Captura-de-ecra-2025-06-13-as-22.20.48-1.png?w=1520&amp;ssl=1 1520w\" sizes=\"auto, (max-width: 750px) 100vw, 750px\" \/><\/figure>\n<\/div>","protected":false},"excerpt":{"rendered":"<p>Registos Fotogr\u00e1ticos<\/p>\n<p>05 e 06 de junho de 2025<\/p>\n<p>\n","protected":false},"author":1,"featured_media":5058,"comment_status":"closed","ping_status":"closed","sticky":false,"template":"","format":"standard","meta":{"_themeisle_gutenberg_block_has_review":false,"footnotes":""},"categories":[6,16],"tags":[],"class_list":["post-4880","post","type-post","status-publish","format-standard","has-post-thumbnail","hentry","category-celebracoes","category-diocese-do-funchal"],"_links":{"self":[{"href":"https:\/\/paroquiasportosanto.pt\/index.php?rest_route=\/wp\/v2\/posts\/4880","targetHints":{"allow":["GET"]}}],"collection":[{"href":"https:\/\/paroquiasportosanto.pt\/index.php?rest_route=\/wp\/v2\/posts"}],"about":[{"href":"https:\/\/paroquiasportosanto.pt\/index.php?rest_route=\/wp\/v2\/types\/post"}],"author":[{"embeddable":true,"href":"https:\/\/paroquiasportosanto.pt\/index.php?rest_route=\/wp\/v2\/users\/1"}],"replies":[{"embeddable":true,"href":"https:\/\/paroquiasportosanto.pt\/index.php?rest_route=%2Fwp%2Fv2%2Fcomments&post=4880"}],"version-history":[{"count":11,"href":"https:\/\/paroquiasportosanto.pt\/index.php?rest_route=\/wp\/v2\/posts\/4880\/revisions"}],"predecessor-version":[{"id":6600,"href":"https:\/\/paroquiasportosanto.pt\/index.php?rest_route=\/wp\/v2\/posts\/4880\/revisions\/6600"}],"wp:featuredmedia":[{"embeddable":true,"href":"https:\/\/paroquiasportosanto.pt\/index.php?rest_route=\/wp\/v2\/media\/5058"}],"wp:attachment":[{"href":"https:\/\/paroquiasportosanto.pt\/index.php?rest_route=%2Fwp%2Fv2%2Fmedia&parent=4880"}],"wp:term":[{"taxonomy":"category","embeddable":true,"href":"https:\/\/paroquiasportosanto.pt\/index.php?rest_route=%2Fwp%2Fv2%2Fcategories&post=4880"},{"taxonomy":"post_tag","embeddable":true,"href":"https:\/\/paroquiasportosanto.pt\/index.php?rest_route=%2Fwp%2Fv2%2Ftags&post=4880"}],"curies":[{"name":"wp","href":"https:\/\/api.w.org\/{rel}","templated":true}]}}