{"id":4852,"date":"2025-05-09T09:52:59","date_gmt":"2025-05-09T09:52:59","guid":{"rendered":"https:\/\/paroquiasportosanto.pt\/?p=4852"},"modified":"2025-05-12T12:32:18","modified_gmt":"2025-05-12T12:32:18","slug":"habemus-papam","status":"publish","type":"post","link":"https:\/\/paroquiasportosanto.pt\/?p=4852","title":{"rendered":"Habemus Papam"},"content":{"rendered":"<div class=\"wp-block-image\">\n<figure class=\"aligncenter size-large is-resized\"><img data-recalc-dims=\"1\" loading=\"lazy\" decoding=\"async\" width=\"694\" height=\"1024\" src=\"https:\/\/i0.wp.com\/paroquiasportosanto.pt\/wp-content\/uploads\/2025\/05\/IMG_4068.jpg?resize=694%2C1024&#038;ssl=1\" alt=\"\" class=\"wp-image-4894\" style=\"width:608px;height:auto\" srcset=\"https:\/\/i0.wp.com\/paroquiasportosanto.pt\/wp-content\/uploads\/2025\/05\/IMG_4068.jpg?resize=694%2C1024&amp;ssl=1 694w, https:\/\/i0.wp.com\/paroquiasportosanto.pt\/wp-content\/uploads\/2025\/05\/IMG_4068.jpg?resize=203%2C300&amp;ssl=1 203w, https:\/\/i0.wp.com\/paroquiasportosanto.pt\/wp-content\/uploads\/2025\/05\/IMG_4068.jpg?resize=102%2C150&amp;ssl=1 102w, https:\/\/i0.wp.com\/paroquiasportosanto.pt\/wp-content\/uploads\/2025\/05\/IMG_4068.jpg?resize=768%2C1134&amp;ssl=1 768w, https:\/\/i0.wp.com\/paroquiasportosanto.pt\/wp-content\/uploads\/2025\/05\/IMG_4068.jpg?resize=1041%2C1536&amp;ssl=1 1041w, https:\/\/i0.wp.com\/paroquiasportosanto.pt\/wp-content\/uploads\/2025\/05\/IMG_4068.jpg?resize=8%2C12&amp;ssl=1 8w, https:\/\/i0.wp.com\/paroquiasportosanto.pt\/wp-content\/uploads\/2025\/05\/IMG_4068.jpg?w=1084&amp;ssl=1 1084w\" sizes=\"auto, (max-width: 694px) 100vw, 694px\" \/><\/figure>\n<\/div>\n\n\n<hr class=\"wp-block-separator has-alpha-channel-opacity\"\/>\n\n\n\n<p class=\"has-text-align-center has-medium-font-size\"><strong>Discurso do Santo Padre o Papa Le\u00e3o XIV<\/strong><\/p>\n\n\n\n<p><a><\/a>\u201cQue a paz esteja convosco. Irm\u00e3os, irm\u00e3s car\u00edssimos, esta \u00e9 a primeira sauda\u00e7\u00e3o do Cristo ressuscitado, o bom pastor, que deu a vida pelo rebanho de Deus. Tamb\u00e9m eu gostaria que esta sauda\u00e7\u00e3o, de paz, entrasse no vosso cora\u00e7\u00e3o, alcan\u00e7asse vossas fam\u00edlias, a todas as pessoas. Onde quer que estejam, a todos os povos, a toda a terra, a paz esteja convosco.<\/p>\n\n\n\n<p>Esta \u00e9 a paz de Cristo ressuscitado, uma paz desarmada, uma paz desarmadora, humilde e perseverante, que prov\u00e9m de Deus. Deus que nos ama a todos, incondicionalmente. Ainda conservamos em nossos ouvidos aquela voz fr\u00e1gil, mas sempre corajosa do papa Francisco, que aben\u00e7oava Roma.<\/p>\n\n\n\n<p>O papa que aben\u00e7oava Roma, dava a sua b\u00ean\u00e7\u00e3o ao mundo inteiro naquela manh\u00e3 do dia de P\u00e1scoa. Permitam-me dar sequ\u00eancia \u00e0quela mesma b\u00ean\u00e7\u00e3o: Deus nos quer bem, Deus nos ama a todos. O mal n\u00e3o prevalecer\u00e1. Estamos todos nas m\u00e3os de Deus. Portanto, sem medo, unidos, m\u00e3o na m\u00e3o com Deus e entre n\u00f3s, sigamos adiante. Somos disc\u00edpulos de Cristo. Cristo nos precede. O mundo precisa da sua luz. A humanidade necessita de pontes para que sejam alcan\u00e7adas por Deus e ao mundo. Ajudai-nos tamb\u00e9m v\u00f3s, unam-se aos outros, a construir pontes, com o di\u00e1logo, com o encontro, unindo-nos todos para sermos um s\u00f3 povo, sempre, em paz. Obrigado, papa Francisco.<\/p>\n\n\n\n<p>Gostaria de agradecer a todos os irm\u00e3os cardeais que me escolheram para ser sucessor de Pedro, e caminharei junto a v\u00f3s, como Igreja unida, buscando sempre a paz, a justi\u00e7a, buscando sempre trabalhar como homens e mulheres fi\u00e9is a Jesus Cristo. Sem medo, para proclamar o Evangelho. Para sermos mission\u00e1rios.<\/p>\n\n\n\n<p>Sou um filho de Santo Agostinho, agostiniano, que disse: \u201cConvosco sois crist\u00e3o, e para v\u00f3s bispo\u201d. Nesse sentido, podemos todos caminhar juntos rumo a essa p\u00e1tria, \u00e0 qual Deus nos preparou.<\/p>\n\n\n\n<p>\u00c0 Igreja de Roma, uma sauda\u00e7\u00e3o especial. Devemos buscar juntos como ser igreja mission\u00e1ria, uma igreja que constr\u00f3i pontes, que dialoga, sempre aberta a receber como esta pra\u00e7a de bra\u00e7os abertos, a todos, todos aqueles que precisam da nossa caridade, da nossa presen\u00e7a, do di\u00e1logo, de amor.<\/p>\n\n\n\n<p>E se me permitem tamb\u00e9m uma palavra: [em espanhol] a todos aqueles, de modo particular, \u00e0 minha querida diocese de Chiclayo no Peru, onde um povo fiel acompanhou o seu bispo, compartilhou a sua f\u00e9 e deu tanto a mim para seguir sendo igreja fiel de Jesus Cristo.<\/p>\n\n\n\n<p>A todos v\u00f3s irm\u00e3os e irm\u00e3s, de Roma, da It\u00e1lia e do mundo inteiro, queremos ser uma igreja sinodal, uma igreja que caminha, que busca sempre a paz, que busca sempre a caridade e busca sempre estar pr\u00f3xima, especialmente daqueles que sofrem.<\/p>\n\n\n\n<p>O dia da s\u00faplica \u00e0 Nossa Senhora de Pompeia, nossa m\u00e3e Maria quer sempre caminhar conosco, estar pr\u00f3xima, ajudar-nos com a sua interse\u00e7\u00e3o e seu amor. Agora gostaria de rezar junto convosco, rezemos juntos por essa nova miss\u00e3o, por toda a Igreja, pela paz no mundo. Pe\u00e7amos essa gra\u00e7a especial \u00e0 Maria, nossa m\u00e3e.\u201d<\/p>\n\n\n\n<hr class=\"wp-block-separator has-alpha-channel-opacity\"\/>\n\n\n<div class=\"wp-block-image\">\n<figure class=\"aligncenter size-large is-resized\"><img data-recalc-dims=\"1\" loading=\"lazy\" decoding=\"async\" width=\"750\" height=\"937\" src=\"https:\/\/i0.wp.com\/paroquiasportosanto.pt\/wp-content\/uploads\/2025\/05\/Papa-Francisco-13-edited.png?resize=750%2C937&#038;ssl=1\" alt=\"\" class=\"wp-image-4896\" style=\"width:481px;height:auto\" srcset=\"https:\/\/i0.wp.com\/paroquiasportosanto.pt\/wp-content\/uploads\/2025\/05\/Papa-Francisco-13-edited.png?w=861&amp;ssl=1 861w, https:\/\/i0.wp.com\/paroquiasportosanto.pt\/wp-content\/uploads\/2025\/05\/Papa-Francisco-13-edited.png?resize=240%2C300&amp;ssl=1 240w, https:\/\/i0.wp.com\/paroquiasportosanto.pt\/wp-content\/uploads\/2025\/05\/Papa-Francisco-13-edited.png?resize=819%2C1024&amp;ssl=1 819w, https:\/\/i0.wp.com\/paroquiasportosanto.pt\/wp-content\/uploads\/2025\/05\/Papa-Francisco-13-edited.png?resize=120%2C150&amp;ssl=1 120w, https:\/\/i0.wp.com\/paroquiasportosanto.pt\/wp-content\/uploads\/2025\/05\/Papa-Francisco-13-edited.png?resize=768%2C960&amp;ssl=1 768w, https:\/\/i0.wp.com\/paroquiasportosanto.pt\/wp-content\/uploads\/2025\/05\/Papa-Francisco-13-edited.png?resize=10%2C12&amp;ssl=1 10w\" sizes=\"auto, (max-width: 750px) 100vw, 750px\" \/><\/figure>\n<\/div>","protected":false},"excerpt":{"rendered":"<p>Papa Le\u00e3o XIV<\/p>\n<p>Discurso do Santo Padre no dia 08.05.2025<\/p>\n<p>\n","protected":false},"author":1,"featured_media":4900,"comment_status":"closed","ping_status":"closed","sticky":false,"template":"","format":"standard","meta":{"_themeisle_gutenberg_block_has_review":false,"footnotes":""},"categories":[8],"tags":[],"class_list":["post-4852","post","type-post","status-publish","format-standard","has-post-thumbnail","hentry","category-noticias"],"_links":{"self":[{"href":"https:\/\/paroquiasportosanto.pt\/index.php?rest_route=\/wp\/v2\/posts\/4852","targetHints":{"allow":["GET"]}}],"collection":[{"href":"https:\/\/paroquiasportosanto.pt\/index.php?rest_route=\/wp\/v2\/posts"}],"about":[{"href":"https:\/\/paroquiasportosanto.pt\/index.php?rest_route=\/wp\/v2\/types\/post"}],"author":[{"embeddable":true,"href":"https:\/\/paroquiasportosanto.pt\/index.php?rest_route=\/wp\/v2\/users\/1"}],"replies":[{"embeddable":true,"href":"https:\/\/paroquiasportosanto.pt\/index.php?rest_route=%2Fwp%2Fv2%2Fcomments&post=4852"}],"version-history":[{"count":0,"href":"https:\/\/paroquiasportosanto.pt\/index.php?rest_route=\/wp\/v2\/posts\/4852\/revisions"}],"wp:featuredmedia":[{"embeddable":true,"href":"https:\/\/paroquiasportosanto.pt\/index.php?rest_route=\/wp\/v2\/media\/4900"}],"wp:attachment":[{"href":"https:\/\/paroquiasportosanto.pt\/index.php?rest_route=%2Fwp%2Fv2%2Fmedia&parent=4852"}],"wp:term":[{"taxonomy":"category","embeddable":true,"href":"https:\/\/paroquiasportosanto.pt\/index.php?rest_route=%2Fwp%2Fv2%2Fcategories&post=4852"},{"taxonomy":"post_tag","embeddable":true,"href":"https:\/\/paroquiasportosanto.pt\/index.php?rest_route=%2Fwp%2Fv2%2Ftags&post=4852"}],"curies":[{"name":"wp","href":"https:\/\/api.w.org\/{rel}","templated":true}]}}