{"id":4561,"date":"2025-03-28T09:46:59","date_gmt":"2025-03-28T09:46:59","guid":{"rendered":"https:\/\/paroquiasportosanto.pt\/?p=4561"},"modified":"2025-03-28T09:47:12","modified_gmt":"2025-03-28T09:47:12","slug":"retiro-quaresmal","status":"publish","type":"post","link":"https:\/\/paroquiasportosanto.pt\/?p=4561","title":{"rendered":"Retiro Quaresmal"},"content":{"rendered":"\n<figure class=\"wp-block-image size-large\"><img data-recalc-dims=\"1\" loading=\"lazy\" decoding=\"async\" width=\"750\" height=\"750\" src=\"https:\/\/i0.wp.com\/paroquiasportosanto.pt\/wp-content\/uploads\/2025\/03\/Retiro-2025-1.png?resize=750%2C750&#038;ssl=1\" alt=\"\" class=\"wp-image-4562\" srcset=\"https:\/\/i0.wp.com\/paroquiasportosanto.pt\/wp-content\/uploads\/2025\/03\/Retiro-2025-1.png?resize=1024%2C1024&amp;ssl=1 1024w, https:\/\/i0.wp.com\/paroquiasportosanto.pt\/wp-content\/uploads\/2025\/03\/Retiro-2025-1.png?resize=300%2C300&amp;ssl=1 300w, https:\/\/i0.wp.com\/paroquiasportosanto.pt\/wp-content\/uploads\/2025\/03\/Retiro-2025-1.png?resize=150%2C150&amp;ssl=1 150w, https:\/\/i0.wp.com\/paroquiasportosanto.pt\/wp-content\/uploads\/2025\/03\/Retiro-2025-1.png?resize=768%2C768&amp;ssl=1 768w, https:\/\/i0.wp.com\/paroquiasportosanto.pt\/wp-content\/uploads\/2025\/03\/Retiro-2025-1.png?resize=12%2C12&amp;ssl=1 12w, https:\/\/i0.wp.com\/paroquiasportosanto.pt\/wp-content\/uploads\/2025\/03\/Retiro-2025-1.png?w=1080&amp;ssl=1 1080w\" sizes=\"auto, (max-width: 750px) 100vw, 750px\" \/><\/figure>\n\n\n\n<p class=\"has-text-align-center has-large-font-size\"><strong>Tarde de retiro\/ora\u00e7\u00e3o na Capela da Gra\u00e7a<\/strong><\/p>\n\n\n\n<p class=\"has-text-align-center has-medium-font-size\">domingo, 30 de mar\u00e7o, das 15:30 \u00e0s 19:00<\/p>\n\n\n\n<p class=\"has-text-align-center has-medium-font-size\"><em>Aberto a todos que queiram passar uma tarde com Deus na ora\u00e7\u00e3o e sil\u00eancio<\/em><br><\/p>\n","protected":false},"excerpt":{"rendered":"<p>Domingo, 30 de mar\u00e7o<\/p>\n<p> Capela da Gra\u00e7a das 15:30 \u00e0s 19:00<\/p>\n<p>\n","protected":false},"author":1,"featured_media":4563,"comment_status":"closed","ping_status":"closed","sticky":false,"template":"","format":"standard","meta":{"_themeisle_gutenberg_block_has_review":false,"footnotes":""},"categories":[6,10],"tags":[],"class_list":["post-4561","post","type-post","status-publish","format-standard","has-post-thumbnail","hentry","category-celebracoes","category-encontros"],"_links":{"self":[{"href":"https:\/\/paroquiasportosanto.pt\/index.php?rest_route=\/wp\/v2\/posts\/4561","targetHints":{"allow":["GET"]}}],"collection":[{"href":"https:\/\/paroquiasportosanto.pt\/index.php?rest_route=\/wp\/v2\/posts"}],"about":[{"href":"https:\/\/paroquiasportosanto.pt\/index.php?rest_route=\/wp\/v2\/types\/post"}],"author":[{"embeddable":true,"href":"https:\/\/paroquiasportosanto.pt\/index.php?rest_route=\/wp\/v2\/users\/1"}],"replies":[{"embeddable":true,"href":"https:\/\/paroquiasportosanto.pt\/index.php?rest_route=%2Fwp%2Fv2%2Fcomments&post=4561"}],"version-history":[{"count":0,"href":"https:\/\/paroquiasportosanto.pt\/index.php?rest_route=\/wp\/v2\/posts\/4561\/revisions"}],"wp:featuredmedia":[{"embeddable":true,"href":"https:\/\/paroquiasportosanto.pt\/index.php?rest_route=\/wp\/v2\/media\/4563"}],"wp:attachment":[{"href":"https:\/\/paroquiasportosanto.pt\/index.php?rest_route=%2Fwp%2Fv2%2Fmedia&parent=4561"}],"wp:term":[{"taxonomy":"category","embeddable":true,"href":"https:\/\/paroquiasportosanto.pt\/index.php?rest_route=%2Fwp%2Fv2%2Fcategories&post=4561"},{"taxonomy":"post_tag","embeddable":true,"href":"https:\/\/paroquiasportosanto.pt\/index.php?rest_route=%2Fwp%2Fv2%2Ftags&post=4561"}],"curies":[{"name":"wp","href":"https:\/\/api.w.org\/{rel}","templated":true}]}}