{"id":4452,"date":"2025-03-06T21:42:39","date_gmt":"2025-03-06T21:42:39","guid":{"rendered":"https:\/\/paroquiasportosanto.pt\/?p=4452"},"modified":"2025-03-06T21:42:54","modified_gmt":"2025-03-06T21:42:54","slug":"caminhemos-juntos-na-esperanca","status":"publish","type":"post","link":"https:\/\/paroquiasportosanto.pt\/?p=4452","title":{"rendered":"Caminhemos juntos na esperan\u00e7a"},"content":{"rendered":"<div class=\"wp-block-image\">\n<figure class=\"aligncenter size-full\"><img data-recalc-dims=\"1\" loading=\"lazy\" decoding=\"async\" width=\"134\" height=\"170\" src=\"https:\/\/i0.wp.com\/paroquiasportosanto.pt\/wp-content\/uploads\/2023\/02\/brasao-papa_-modificacoes1.jpeg?resize=134%2C170&#038;ssl=1\" alt=\"\" class=\"wp-image-2055\" srcset=\"https:\/\/i0.wp.com\/paroquiasportosanto.pt\/wp-content\/uploads\/2023\/02\/brasao-papa_-modificacoes1.jpeg?w=134&amp;ssl=1 134w, https:\/\/i0.wp.com\/paroquiasportosanto.pt\/wp-content\/uploads\/2023\/02\/brasao-papa_-modificacoes1.jpeg?resize=118%2C150&amp;ssl=1 118w, https:\/\/i0.wp.com\/paroquiasportosanto.pt\/wp-content\/uploads\/2023\/02\/brasao-papa_-modificacoes1.jpeg?resize=9%2C12&amp;ssl=1 9w\" sizes=\"auto, (max-width: 134px) 100vw, 134px\" \/><\/figure>\n<\/div>\n\n\n<p><em>Queridos irm\u00e3os e irm\u00e3s!<\/em><\/p>\n\n\n\n<p>Com o sinal penitencial das cinzas sobre as nossas cabe\u00e7as, iniciamos na f\u00e9 e na esperan\u00e7a a peregrina\u00e7\u00e3o anual da Santa Quaresma. A Igreja, m\u00e3e e mestra, convida-nos a preparar os nossos cora\u00e7\u00f5es e a abrir-nos \u00e0 gra\u00e7a de Deus para podermos celebrar com grande alegria o triunfo pascal de Cristo, o Senhor, sobre o pecado e a morte, como exclamava S\u00e3o Paulo: \u00abA morte foi tragada pela vit\u00f3ria. Onde est\u00e1, \u00f3 morte, a tua vit\u00f3ria? Onde est\u00e1, \u00f3 morte, o teu aguilh\u00e3o?\u00bb (\u00a0<em>1Cor\u00a0<\/em>15, 54-55). Realmente, Jesus Cristo, morto e ressuscitado, \u00e9 o centro da nossa f\u00e9 e a garantia da nossa esperan\u00e7a na grande promessa do Pai, j\u00e1 realizada n\u2019Ele, Seu Filho amado: a vida eterna (cf.\u00a0<em>Jo\u00a0<\/em>10, 28; 17, 3).<\/p>\n\n\n\n<p>Nesta Quaresma, enriquecida pela gra\u00e7a do Ano Jubilar, gostaria de oferecer algumas reflex\u00f5es sobre o que significa&nbsp;<em>caminhar juntos na esperan\u00e7a&nbsp;<\/em>e evidenciar os apelos \u00e0 convers\u00e3o que a miseric\u00f3rdia de Deus dirige a todos n\u00f3s, enquanto indiv\u00edduos e comunidades.<\/p>\n\n\n\n<p>Antes de tudo,&nbsp;<em>caminhar<\/em>. O lema do&nbsp;<a href=\"https:\/\/www.vatican.va\/content\/iubilaeum2025\/pt.html\">Jubileu<\/a>&nbsp;\u2013 \u201cPeregrinos de Esperan\u00e7a\u201d \u2013 traz \u00e0 mente a longa travessia do povo de Israel em dire\u00e7\u00e3o \u00e0 Terra Prometida, narrada no livro do \u00caxodo: a dif\u00edcil passagem da escravid\u00e3o para a liberdade, desejada e guiada pelo Senhor, que ama o seu povo e sempre lhe \u00e9 fiel. E n\u00e3o podemos recordar o \u00eaxodo b\u00edblico sem pensar em tantos irm\u00e3os e irm\u00e3s que, hoje, fogem de situa\u00e7\u00f5es de mis\u00e9ria e viol\u00eancia e v\u00e3o \u00e0 procura de uma vida melhor para si e para seus entes queridos. Aqui, surge um primeiro apelo \u00e0 convers\u00e3o, porque todos n\u00f3s somos peregrinos na vida, mas cada um pode perguntar-se: como me deixo interpelar por esta condi\u00e7\u00e3o? Estou realmente a caminho ou estou paralisado, est\u00e1tico, com medo e sem esperan\u00e7a, acomodado na minha zona de conforto? Busco caminhos de liberta\u00e7\u00e3o das situa\u00e7\u00f5es de pecado e falta de dignidade? Seria um bom exerc\u00edcio quaresmal confrontar-nos com a realidade concreta de algum migrante ou peregrino e deixar que ela nos interpele, a fim de descobrir o que Deus pede de n\u00f3s para sermos melhores viajantes rumo \u00e0 casa do Pai. Esse \u00e9 um bom \u201cexame\u201d para o viandante.<\/p>\n\n\n\n<p>Em segundo lugar, fa\u00e7amos esta viagem\u00a0<em>juntos<\/em>. Caminhar juntos, ser sinodal, \u00e9 esta a voca\u00e7\u00e3o da Igreja. Os crist\u00e3os s\u00e3o chamados a percorrer o caminho em conjunto, jamais como viajantes solit\u00e1rios. O Esp\u00edrito Santo impele-nos a sair de n\u00f3s mesmos para ir ao encontro de Deus e dos nossos irm\u00e3os, e nunca a fechar-nos em n\u00f3s mesmos. Caminhar juntos significa ser tecel\u00f5es de unidade, partindo da nossa dignidade comum de filhos de Deus (cf.\u00a0<em>Gl<\/em>\u00a03, 26-28); significa caminhar lado a lado, sem pisar ou subjugar o outro, sem alimentar invejas ou hipocrisias, sem deixar que ningu\u00e9m fique para tr\u00e1s ou se sinta exclu\u00eddo. Sigamos na mesma dire\u00e7\u00e3o, rumo a uma \u00fanica meta, ouvindo-nos uns aos outros com amor e paci\u00eancia.<\/p>\n\n\n\n<p>Nesta Quaresma, Deus pede-nos que verifiquemos se nas nossas vidas e fam\u00edlias, nos locais onde trabalhamos, nas comunidades paroquiais ou religiosas, somos capazes de caminhar com os outros, de ouvir, de vencer a tenta\u00e7\u00e3o de nos entrincheirarmos na nossa autorreferencialidade e de olharmos apenas para as nossas pr\u00f3prias necessidades. Perguntemo-nos diante do Senhor se somos capazes de trabalhar juntos ao servi\u00e7o do Reino de Deus, como bispos, sacerdotes, pessoas consagradas e leigos; se, com gestos concretos, temos uma atitude acolhedora em rela\u00e7\u00e3o \u00e0queles que se aproximam de n\u00f3s e a quantos se encontram distantes; se fazemos com que as pessoas se sintam parte da comunidade ou se as mantemos \u00e0 margem. Este \u00e9 o segundo apelo: a convers\u00e3o \u00e0 sinodalidade.<\/p>\n\n\n\n<p>Em terceiro lugar, fa\u00e7amos este caminho juntos\u00a0<em>na esperan\u00e7a<\/em>\u00a0de uma promessa. A\u00a0<em>esperan\u00e7a que n\u00e3o engana\u00a0<\/em>(cf.\u00a0<em>Rm\u00a0<\/em>5, 5), mensagem central do Jubileu, seja para n\u00f3s o horizonte do caminho quaresmal rumo \u00e0 vit\u00f3ria pascal. Como o Papa\u00a0<a href=\"https:\/\/www.vatican.va\/content\/benedict-xvi\/pt.html\">Bento XVI<\/a> nos ensinou na Enc\u00edclica\u00a0<em><a href=\"https:\/\/www.vatican.va\/content\/benedict-xvi\/pt\/encyclicals\/documents\/hf_ben-xvi_enc_20071130_spe-salvi.html\">Spe salvi<\/a><\/em>, \u00abo ser humano necessita do amor incondicionado. Precisa daquela certeza que o faz exclamar: \u201cNem a morte, nem a vida, nem os anjos, nem os principados, nem o presente, nem o futuro, nem as potestades, nem a altura, nem a profundidade, nem qualquer outra criatura poder\u00e1 separar-nos do amor de Deus, que est\u00e1 em Cristo Jesus, nosso Senhor\u201d (\u00a0<em>Rm<\/em>\u00a08, 38-39)\u00bb. Jesus, nosso amor e nossa esperan\u00e7a, ressuscitou\u00a0e, vivo, reina glorioso. A morte foi transformada em vit\u00f3ria e aqui reside a f\u00e9 e a grande esperan\u00e7a dos crist\u00e3os: na ressurrei\u00e7\u00e3o de Cristo!<\/p>\n\n\n\n<p>Eis o terceiro apelo \u00e0 convers\u00e3o: o da esperan\u00e7a, da confian\u00e7a em Deus e na sua grande promessa, a vida eterna. Devemos perguntar-nos: estou convicto de que Deus me perdoa os pecados? Ou comporto-me como se me pudesse salvar sozinho? Aspiro \u00e0 salva\u00e7\u00e3o e pe\u00e7o a ajuda de Deus para a receber? Vivo concretamente a esperan\u00e7a que me ajuda a ler os acontecimentos da hist\u00f3ria e me impele a um compromisso com a justi\u00e7a, a fraternidade, o cuidado da casa comum, garantindo que ningu\u00e9m seja deixado para tr\u00e1s?<\/p>\n\n\n\n<p>Irm\u00e3s e irm\u00e3os, gra\u00e7as ao amor de Deus em Jesus Cristo, somos conservados na esperan\u00e7a que n\u00e3o engana (cf.\u00a0<em>Rm\u00a0<\/em>5, 5). A esperan\u00e7a \u00e9 \u201ca \u00e2ncora da alma\u201d, inabal\u00e1vel e segura. Nela, a Igreja reza para que \u00abtodos os homens sejam salvos\u00bb (\u00a0<em>1Tm\u00a0<\/em>2, 4) e ela pr\u00f3pria anseia estar na gl\u00f3ria do c\u00e9u, unida a Cristo, seu esposo. Santa Teresa de Jesus expressou isso da seguinte forma: \u00abEspera, espera, que n\u00e3o sabes quando vir\u00e1 o dia nem a hora. Vela com cuidado, que tudo passa com brevidade, embora o teu desejo fa\u00e7a o certo duvidoso e longo o tempo breve\u00bb (\u00a0<em>Exclama\u00e7\u00f5es<\/em>, XV, 3).<\/p>\n\n\n\n<p>Que a Virgem Maria, M\u00e3e da Esperan\u00e7a, interceda por n\u00f3s e nos acompanhe no caminho quaresmal.<\/p>\n\n\n\n<p><em>Roma, S\u00e3o Jo\u00e3o de Latr\u00e3o, na Mem\u00f3ria dos Santos m\u00e1rtires Paulo Miki e companheiros, 6 de fevereiro de 2025.<\/em><\/p>\n\n\n\n<p class=\"has-text-align-center\">FRANCISCO<\/p>\n\n\n\n<p><\/p>\n","protected":false},"excerpt":{"rendered":"<p>MENSAGEM DO SANTO PADRE<br \/>\nFRANCISCO<br \/>\nPARA A QUARESMA DE 2025<\/p>\n","protected":false},"author":1,"featured_media":4453,"comment_status":"closed","ping_status":"closed","sticky":false,"template":"","format":"standard","meta":{"_themeisle_gutenberg_block_has_review":false,"footnotes":""},"categories":[15],"tags":[],"class_list":["post-4452","post","type-post","status-publish","format-standard","has-post-thumbnail","hentry","category-mensagens"],"_links":{"self":[{"href":"https:\/\/paroquiasportosanto.pt\/index.php?rest_route=\/wp\/v2\/posts\/4452","targetHints":{"allow":["GET"]}}],"collection":[{"href":"https:\/\/paroquiasportosanto.pt\/index.php?rest_route=\/wp\/v2\/posts"}],"about":[{"href":"https:\/\/paroquiasportosanto.pt\/index.php?rest_route=\/wp\/v2\/types\/post"}],"author":[{"embeddable":true,"href":"https:\/\/paroquiasportosanto.pt\/index.php?rest_route=\/wp\/v2\/users\/1"}],"replies":[{"embeddable":true,"href":"https:\/\/paroquiasportosanto.pt\/index.php?rest_route=%2Fwp%2Fv2%2Fcomments&post=4452"}],"version-history":[{"count":0,"href":"https:\/\/paroquiasportosanto.pt\/index.php?rest_route=\/wp\/v2\/posts\/4452\/revisions"}],"wp:featuredmedia":[{"embeddable":true,"href":"https:\/\/paroquiasportosanto.pt\/index.php?rest_route=\/wp\/v2\/media\/4453"}],"wp:attachment":[{"href":"https:\/\/paroquiasportosanto.pt\/index.php?rest_route=%2Fwp%2Fv2%2Fmedia&parent=4452"}],"wp:term":[{"taxonomy":"category","embeddable":true,"href":"https:\/\/paroquiasportosanto.pt\/index.php?rest_route=%2Fwp%2Fv2%2Fcategories&post=4452"},{"taxonomy":"post_tag","embeddable":true,"href":"https:\/\/paroquiasportosanto.pt\/index.php?rest_route=%2Fwp%2Fv2%2Ftags&post=4452"}],"curies":[{"name":"wp","href":"https:\/\/api.w.org\/{rel}","templated":true}]}}