{"id":4314,"date":"2025-01-30T15:30:34","date_gmt":"2025-01-30T15:30:34","guid":{"rendered":"https:\/\/paroquiasportosanto.pt\/?p=4314"},"modified":"2025-01-31T09:28:34","modified_gmt":"2025-01-31T09:28:34","slug":"festa-da-apresentacao-do-senhor-3","status":"publish","type":"post","link":"https:\/\/paroquiasportosanto.pt\/?p=4314","title":{"rendered":"Festa da Apresenta\u00e7\u00e3o do Senhor"},"content":{"rendered":"<div class=\"wp-block-image\">\n<figure class=\"aligncenter size-large\"><img data-recalc-dims=\"1\" loading=\"lazy\" decoding=\"async\" width=\"750\" height=\"750\" src=\"https:\/\/i0.wp.com\/paroquiasportosanto.pt\/wp-content\/uploads\/2025\/01\/Apresentacao-do-Senhor.png?resize=750%2C750&#038;ssl=1\" alt=\"\" class=\"wp-image-4315\" srcset=\"https:\/\/i0.wp.com\/paroquiasportosanto.pt\/wp-content\/uploads\/2025\/01\/Apresentacao-do-Senhor.png?resize=1024%2C1024&amp;ssl=1 1024w, https:\/\/i0.wp.com\/paroquiasportosanto.pt\/wp-content\/uploads\/2025\/01\/Apresentacao-do-Senhor.png?resize=300%2C300&amp;ssl=1 300w, https:\/\/i0.wp.com\/paroquiasportosanto.pt\/wp-content\/uploads\/2025\/01\/Apresentacao-do-Senhor.png?resize=150%2C150&amp;ssl=1 150w, https:\/\/i0.wp.com\/paroquiasportosanto.pt\/wp-content\/uploads\/2025\/01\/Apresentacao-do-Senhor.png?resize=768%2C768&amp;ssl=1 768w, https:\/\/i0.wp.com\/paroquiasportosanto.pt\/wp-content\/uploads\/2025\/01\/Apresentacao-do-Senhor.png?resize=12%2C12&amp;ssl=1 12w, https:\/\/i0.wp.com\/paroquiasportosanto.pt\/wp-content\/uploads\/2025\/01\/Apresentacao-do-Senhor.png?w=1080&amp;ssl=1 1080w\" sizes=\"auto, (max-width: 750px) 100vw, 750px\" \/><\/figure>\n<\/div>\n\n\n<p class=\"has-text-align-center has-large-font-size\"><strong>Festa da Apresenta\u00e7\u00e3o do Senhor<\/strong><\/p>\n\n\n\n<p class=\"has-text-align-center has-large-font-size\"><strong>Dia do Consagrado<\/strong><\/p>\n\n\n\n<p class=\"has-text-align-center has-large-font-size\"><strong>01 e 02 de fevereiro<\/strong><\/p>\n\n\n\n<p class=\"has-medium-font-size\">B\u00ean\u00e7\u00e3o das Candeias nas celebra\u00e7\u00f5es de s\u00e1bado e domingo<\/p>\n\n\n\n<p class=\"has-medium-font-size\">Na par\u00f3quia do Esp\u00edrito Santo, concentra\u00e7\u00e3o na Casa Amarela, seguida de prociss\u00e3o at\u00e9 \u00e0 Igreja.<\/p>\n\n\n\n<p class=\"has-medium-font-size\">Na par\u00f3quia da Piedade, concentra\u00e7\u00e3o no Largo das Palmeiras, seguida de prociss\u00e3o at\u00e9 \u00e0 Igreja.<\/p>\n\n\n\n<p class=\"has-medium-font-size\">* haver\u00e1 velas \u00e0 venda antes da celebra\u00e7\u00e3o.<\/p>\n","protected":false},"excerpt":{"rendered":"<p>Celebra\u00e7\u00e3o nas nossas Par\u00f3quias<\/p>\n<p>01 e 02 de fevereiro<\/p>\n<p>\n","protected":false},"author":1,"featured_media":4316,"comment_status":"closed","ping_status":"closed","sticky":false,"template":"","format":"standard","meta":{"_themeisle_gutenberg_block_has_review":false,"footnotes":""},"categories":[6],"tags":[],"class_list":["post-4314","post","type-post","status-publish","format-standard","has-post-thumbnail","hentry","category-celebracoes"],"_links":{"self":[{"href":"https:\/\/paroquiasportosanto.pt\/index.php?rest_route=\/wp\/v2\/posts\/4314","targetHints":{"allow":["GET"]}}],"collection":[{"href":"https:\/\/paroquiasportosanto.pt\/index.php?rest_route=\/wp\/v2\/posts"}],"about":[{"href":"https:\/\/paroquiasportosanto.pt\/index.php?rest_route=\/wp\/v2\/types\/post"}],"author":[{"embeddable":true,"href":"https:\/\/paroquiasportosanto.pt\/index.php?rest_route=\/wp\/v2\/users\/1"}],"replies":[{"embeddable":true,"href":"https:\/\/paroquiasportosanto.pt\/index.php?rest_route=%2Fwp%2Fv2%2Fcomments&post=4314"}],"version-history":[{"count":0,"href":"https:\/\/paroquiasportosanto.pt\/index.php?rest_route=\/wp\/v2\/posts\/4314\/revisions"}],"wp:featuredmedia":[{"embeddable":true,"href":"https:\/\/paroquiasportosanto.pt\/index.php?rest_route=\/wp\/v2\/media\/4316"}],"wp:attachment":[{"href":"https:\/\/paroquiasportosanto.pt\/index.php?rest_route=%2Fwp%2Fv2%2Fmedia&parent=4314"}],"wp:term":[{"taxonomy":"category","embeddable":true,"href":"https:\/\/paroquiasportosanto.pt\/index.php?rest_route=%2Fwp%2Fv2%2Fcategories&post=4314"},{"taxonomy":"post_tag","embeddable":true,"href":"https:\/\/paroquiasportosanto.pt\/index.php?rest_route=%2Fwp%2Fv2%2Ftags&post=4314"}],"curies":[{"name":"wp","href":"https:\/\/api.w.org\/{rel}","templated":true}]}}