{"id":3876,"date":"2024-12-28T11:49:18","date_gmt":"2024-12-28T11:49:18","guid":{"rendered":"https:\/\/paroquiasportosanto.pt\/?p=3876"},"modified":"2024-12-28T11:49:42","modified_gmt":"2024-12-28T11:49:42","slug":"jubileu-2025","status":"publish","type":"post","link":"https:\/\/paroquiasportosanto.pt\/?p=3876","title":{"rendered":"Jubileu 2025"},"content":{"rendered":"<div class=\"wp-block-image\">\n<figure class=\"aligncenter size-full\"><img data-recalc-dims=\"1\" loading=\"lazy\" decoding=\"async\" width=\"750\" height=\"750\" src=\"https:\/\/i0.wp.com\/paroquiasportosanto.pt\/wp-content\/uploads\/2024\/11\/Logo-Jubileu.png?resize=750%2C750&#038;ssl=1\" alt=\"\" class=\"wp-image-3878\" srcset=\"https:\/\/i0.wp.com\/paroquiasportosanto.pt\/wp-content\/uploads\/2024\/11\/Logo-Jubileu.png?w=2000&amp;ssl=1 2000w, https:\/\/i0.wp.com\/paroquiasportosanto.pt\/wp-content\/uploads\/2024\/11\/Logo-Jubileu.png?resize=300%2C300&amp;ssl=1 300w, https:\/\/i0.wp.com\/paroquiasportosanto.pt\/wp-content\/uploads\/2024\/11\/Logo-Jubileu.png?resize=1024%2C1024&amp;ssl=1 1024w, https:\/\/i0.wp.com\/paroquiasportosanto.pt\/wp-content\/uploads\/2024\/11\/Logo-Jubileu.png?resize=150%2C150&amp;ssl=1 150w, https:\/\/i0.wp.com\/paroquiasportosanto.pt\/wp-content\/uploads\/2024\/11\/Logo-Jubileu.png?resize=768%2C768&amp;ssl=1 768w, https:\/\/i0.wp.com\/paroquiasportosanto.pt\/wp-content\/uploads\/2024\/11\/Logo-Jubileu.png?resize=1536%2C1536&amp;ssl=1 1536w, https:\/\/i0.wp.com\/paroquiasportosanto.pt\/wp-content\/uploads\/2024\/11\/Logo-Jubileu.png?resize=12%2C12&amp;ssl=1 12w\" sizes=\"auto, (max-width: 750px) 100vw, 750px\" \/><\/figure>\n<\/div>\n\n\n<p class=\"has-text-align-center has-text-color has-link-color has-x-large-font-size wp-elements-297d1c91e7dfc3fec0f5aa7dfc26977d\" style=\"color:#00fb00\">Log\u00f3tipo do Jubileu<\/p>\n\n\n\n<p class=\"has-text-align-left\">O log\u00f3tipo representa quatro figuras estilizadas para indicar a humanidade dos quatro cantos da Terra. As figuras est\u00e3o abra\u00e7adas cada uma \u00e0 outra, para indicar a solidariedade e a fraternidade que unem os povos. O que est\u00e1 \u00e0 frente est\u00e1 agarrado \u00e0 cruz. \u00c9 o sinal n\u00e3o s\u00f3 da f\u00e9 que abra\u00e7a, mas da esperan\u00e7a que nunca pode ser abandonada, porque precisamos dela sempre e sobretudo nos momentos de maior necessidade. Observemos as ondas que est\u00e3o em baixo e que se movem, para indicar que a peregrina\u00e7\u00e3o da vida nem sempre se move em \u00e1guas tranquilas. Muitas vezes eventos pessoais e eventos mundiais imp\u00f5em com maior intensidade o chamamento \u00e0 esperan\u00e7a. \u00c9 por isso que devemos prestar aten\u00e7\u00e3o \u00e0 parte inferior da cruz, que se prolonga, transformando-se numa \u00e2ncora, que se imp\u00f5e ao tumulto das ondas. Como se sabe, a \u00e2ncora tem sido muitas vezes usada como met\u00e1fora da esperan\u00e7a. A \u00e2ncora da esperan\u00e7a, na verdade, \u00e9 o nome que na g\u00edria mar\u00edtima \u00e9 dado \u00e0 \u00e2ncora de reserva, utilizada pelas embarca\u00e7\u00f5es em manobras de emerg\u00eancia para estabilizar o barco durante as tempestades. N\u00e3o ignoremos o facto que a imagem mostra como o caminho do peregrino n\u00e3o \u00e9 um acontecimento individual mas comunit\u00e1rio, com a marca de um dinamismo crescente que tende cada vez mais para a Cruz. A Cruz n\u00e3o \u00e9 de modo algum est\u00e1tica, mas tamb\u00e9m ela din\u00e2mica, curva-se para a humanidade como que para ir ao seu encontro e n\u00e3o a deixar sozinha, mas oferecendo a certeza da presen\u00e7a e a seguran\u00e7a da esperan\u00e7a. Finalmente, v\u00ea-se claramente o lema do Jubileu de 2025 com a cor verde: <em>Peregrinantes em Spem<\/em> (Peregrinos da Esperan\u00e7a).<\/p>\n","protected":false},"excerpt":{"rendered":"<p>Log\u00f3tipo do Jubileu<\/p>\n<p> significado do log\u00f3tipo <\/p>\n<p>\n","protected":false},"author":1,"featured_media":3879,"comment_status":"closed","ping_status":"closed","sticky":false,"template":"","format":"standard","meta":{"_themeisle_gutenberg_block_has_review":false,"footnotes":""},"categories":[8],"tags":[],"class_list":["post-3876","post","type-post","status-publish","format-standard","has-post-thumbnail","hentry","category-noticias"],"_links":{"self":[{"href":"https:\/\/paroquiasportosanto.pt\/index.php?rest_route=\/wp\/v2\/posts\/3876","targetHints":{"allow":["GET"]}}],"collection":[{"href":"https:\/\/paroquiasportosanto.pt\/index.php?rest_route=\/wp\/v2\/posts"}],"about":[{"href":"https:\/\/paroquiasportosanto.pt\/index.php?rest_route=\/wp\/v2\/types\/post"}],"author":[{"embeddable":true,"href":"https:\/\/paroquiasportosanto.pt\/index.php?rest_route=\/wp\/v2\/users\/1"}],"replies":[{"embeddable":true,"href":"https:\/\/paroquiasportosanto.pt\/index.php?rest_route=%2Fwp%2Fv2%2Fcomments&post=3876"}],"version-history":[{"count":0,"href":"https:\/\/paroquiasportosanto.pt\/index.php?rest_route=\/wp\/v2\/posts\/3876\/revisions"}],"wp:featuredmedia":[{"embeddable":true,"href":"https:\/\/paroquiasportosanto.pt\/index.php?rest_route=\/wp\/v2\/media\/3879"}],"wp:attachment":[{"href":"https:\/\/paroquiasportosanto.pt\/index.php?rest_route=%2Fwp%2Fv2%2Fmedia&parent=3876"}],"wp:term":[{"taxonomy":"category","embeddable":true,"href":"https:\/\/paroquiasportosanto.pt\/index.php?rest_route=%2Fwp%2Fv2%2Fcategories&post=3876"},{"taxonomy":"post_tag","embeddable":true,"href":"https:\/\/paroquiasportosanto.pt\/index.php?rest_route=%2Fwp%2Fv2%2Ftags&post=3876"}],"curies":[{"name":"wp","href":"https:\/\/api.w.org\/{rel}","templated":true}]}}