{"id":3616,"date":"2024-10-10T09:52:09","date_gmt":"2024-10-10T09:52:09","guid":{"rendered":"https:\/\/paroquiasportosanto.pt\/?p=3616"},"modified":"2024-10-10T09:52:42","modified_gmt":"2024-10-10T09:52:42","slug":"festa-de-nossa-senhora-do-rosario-de-fatima","status":"publish","type":"post","link":"https:\/\/paroquiasportosanto.pt\/?p=3616","title":{"rendered":"Festa de Nossa Senhora do Ros\u00e1rio de F\u00e1tima"},"content":{"rendered":"\n<figure class=\"wp-block-image size-large\"><img data-recalc-dims=\"1\" loading=\"lazy\" decoding=\"async\" width=\"750\" height=\"750\" src=\"https:\/\/i0.wp.com\/paroquiasportosanto.pt\/wp-content\/uploads\/2024\/10\/Festa-de-Nossa-Senhora-de-Fatima-2.png?resize=750%2C750&#038;ssl=1\" alt=\"\" class=\"wp-image-3617\" srcset=\"https:\/\/i0.wp.com\/paroquiasportosanto.pt\/wp-content\/uploads\/2024\/10\/Festa-de-Nossa-Senhora-de-Fatima-2.png?resize=1024%2C1024&amp;ssl=1 1024w, https:\/\/i0.wp.com\/paroquiasportosanto.pt\/wp-content\/uploads\/2024\/10\/Festa-de-Nossa-Senhora-de-Fatima-2.png?resize=300%2C300&amp;ssl=1 300w, https:\/\/i0.wp.com\/paroquiasportosanto.pt\/wp-content\/uploads\/2024\/10\/Festa-de-Nossa-Senhora-de-Fatima-2.png?resize=150%2C150&amp;ssl=1 150w, https:\/\/i0.wp.com\/paroquiasportosanto.pt\/wp-content\/uploads\/2024\/10\/Festa-de-Nossa-Senhora-de-Fatima-2.png?resize=768%2C768&amp;ssl=1 768w, https:\/\/i0.wp.com\/paroquiasportosanto.pt\/wp-content\/uploads\/2024\/10\/Festa-de-Nossa-Senhora-de-Fatima-2.png?resize=12%2C12&amp;ssl=1 12w, https:\/\/i0.wp.com\/paroquiasportosanto.pt\/wp-content\/uploads\/2024\/10\/Festa-de-Nossa-Senhora-de-Fatima-2.png?w=1080&amp;ssl=1 1080w\" sizes=\"auto, (max-width: 750px) 100vw, 750px\" \/><\/figure>\n\n\n\n<p>S\u00c1BADO &#8211; 12 DE OUTUBRO<\/p>\n\n\n\n<p class=\"has-text-align-center\">Eucaristia da Festa de Nossa Senhora de F\u00e1tima na Igreja Piedade (Igreja Matriz) \u00e0s 19:30, seguida de prociss\u00e3o das velas com a ora\u00e7\u00e3o do ter\u00e7o at\u00e9 \u00e0 Igreja do Esp\u00edrito Santo. <\/p>\n\n\n\n<p class=\"has-text-align-center\">Velas e copos protetores \u00e0 venda antes da celebra\u00e7\u00e3o.<\/p>\n","protected":false},"excerpt":{"rendered":"<p>Igreja da Piedade<\/p>\n<p>12 de outubro \u00e0s 19:30<\/p>\n","protected":false},"author":1,"featured_media":3618,"comment_status":"closed","ping_status":"closed","sticky":false,"template":"","format":"standard","meta":{"_themeisle_gutenberg_block_has_review":false,"footnotes":""},"categories":[11],"tags":[],"class_list":["post-3616","post","type-post","status-publish","format-standard","has-post-thumbnail","hentry","category-festas"],"_links":{"self":[{"href":"https:\/\/paroquiasportosanto.pt\/index.php?rest_route=\/wp\/v2\/posts\/3616","targetHints":{"allow":["GET"]}}],"collection":[{"href":"https:\/\/paroquiasportosanto.pt\/index.php?rest_route=\/wp\/v2\/posts"}],"about":[{"href":"https:\/\/paroquiasportosanto.pt\/index.php?rest_route=\/wp\/v2\/types\/post"}],"author":[{"embeddable":true,"href":"https:\/\/paroquiasportosanto.pt\/index.php?rest_route=\/wp\/v2\/users\/1"}],"replies":[{"embeddable":true,"href":"https:\/\/paroquiasportosanto.pt\/index.php?rest_route=%2Fwp%2Fv2%2Fcomments&post=3616"}],"version-history":[{"count":1,"href":"https:\/\/paroquiasportosanto.pt\/index.php?rest_route=\/wp\/v2\/posts\/3616\/revisions"}],"predecessor-version":[{"id":6622,"href":"https:\/\/paroquiasportosanto.pt\/index.php?rest_route=\/wp\/v2\/posts\/3616\/revisions\/6622"}],"wp:featuredmedia":[{"embeddable":true,"href":"https:\/\/paroquiasportosanto.pt\/index.php?rest_route=\/wp\/v2\/media\/3618"}],"wp:attachment":[{"href":"https:\/\/paroquiasportosanto.pt\/index.php?rest_route=%2Fwp%2Fv2%2Fmedia&parent=3616"}],"wp:term":[{"taxonomy":"category","embeddable":true,"href":"https:\/\/paroquiasportosanto.pt\/index.php?rest_route=%2Fwp%2Fv2%2Fcategories&post=3616"},{"taxonomy":"post_tag","embeddable":true,"href":"https:\/\/paroquiasportosanto.pt\/index.php?rest_route=%2Fwp%2Fv2%2Ftags&post=3616"}],"curies":[{"name":"wp","href":"https:\/\/api.w.org\/{rel}","templated":true}]}}