{"id":3053,"date":"2024-06-01T15:00:00","date_gmt":"2024-06-01T15:00:00","guid":{"rendered":"https:\/\/paroquiasportosanto.pt\/?p=3053"},"modified":"2024-01-17T15:31:37","modified_gmt":"2024-01-17T15:31:37","slug":"domingo-ix-do-tempo-comum","status":"publish","type":"post","link":"https:\/\/paroquiasportosanto.pt\/?p=3053","title":{"rendered":"Domingo IX do Tempo Comum"},"content":{"rendered":"\n\n\n<div style=\"height:50px\" aria-hidden=\"true\" class=\"wp-block-spacer\"><\/div>\n\n\n\n<blockquote class=\"wp-block-quote is-layout-flow wp-block-quote-is-layout-flow\">\n<p>A liturgia do 9\u00ba Domingo Comum \u00e9 um convite a construir a vida sobre o alicerce firme da Palavra de Deus. Quando a Palavra de Deus est\u00e1 no centro da vida e d\u00e1 forma aos pensamentos, sentimentos e ac\u00e7\u00f5es, o homem caminha, com seguran\u00e7a, ao encontro da realiza\u00e7\u00e3o plena, da vida definitiva.<br>No Evangelho Mateus convida a sua comunidade \u2013 e as comunidades crist\u00e3s de todos os tempos e lugares \u2013 a enraizar a sua vida na Palavra de Jesus e a traduzir essa ades\u00e3o em ac\u00e7\u00f5es concretas. Para ser crist\u00e3o, n\u00e3o chega dizer palavras bonitas de ades\u00e3o ao Senhor; mas \u00e9 preciso esfor\u00e7ar-se por cumprir, em cada instante, a vontade de Deus e viver de acordo com os valores propostos por Jesus nas bem-aventuran\u00e7as.<br>A primeira leitura, na mesma linha, convida os crentes a deixarem que a Palavra de Deus envolva e penetre toda a sua vida, marque os seus pensamentos, sentimentos e ac\u00e7\u00f5es. Garante-nos que construir a vida \u00e0 volta da Palavra de Deus \u00e9 assegurar a felicidade e a vida definitiva.<br>A segunda leitura n\u00e3o se refere t\u00e3o directamente ao tema do domingo (a Palavra de Deus); mas garante-nos que a salva\u00e7\u00e3o resulta do dom gratuito de Deus, tornado presente em Cristo, a Palavra viva de Deus, que veio ao encontro dos homens para os subtrair ao caminho da escravid\u00e3o, do pecado e da morte.<\/p>\n<cite><em>Sacerdotes do Cora\u00e7\u00e3o de Jesus \u2013\u00a0<\/em><a href=\"https:\/\/www.dehonianos.org\/\">Dehonianos<\/a><em>\u00a0\u2013 Portugal<\/em><\/cite><\/blockquote>\n","protected":false},"excerpt":{"rendered":"<p><i>\u201cEu sou a videira e v\u00f3s sois os ramos: quem permanece em Mim d\u00e1 muito fruto.\u201d<\/i><\/p>\n","protected":false},"author":1,"featured_media":0,"comment_status":"closed","ping_status":"closed","sticky":false,"template":"","format":"standard","meta":{"_themeisle_gutenberg_block_has_review":false,"footnotes":""},"categories":[14],"tags":[],"class_list":["post-3053","post","type-post","status-publish","format-standard","hentry","category-liturgia"],"_links":{"self":[{"href":"https:\/\/paroquiasportosanto.pt\/index.php?rest_route=\/wp\/v2\/posts\/3053","targetHints":{"allow":["GET"]}}],"collection":[{"href":"https:\/\/paroquiasportosanto.pt\/index.php?rest_route=\/wp\/v2\/posts"}],"about":[{"href":"https:\/\/paroquiasportosanto.pt\/index.php?rest_route=\/wp\/v2\/types\/post"}],"author":[{"embeddable":true,"href":"https:\/\/paroquiasportosanto.pt\/index.php?rest_route=\/wp\/v2\/users\/1"}],"replies":[{"embeddable":true,"href":"https:\/\/paroquiasportosanto.pt\/index.php?rest_route=%2Fwp%2Fv2%2Fcomments&post=3053"}],"version-history":[{"count":0,"href":"https:\/\/paroquiasportosanto.pt\/index.php?rest_route=\/wp\/v2\/posts\/3053\/revisions"}],"wp:attachment":[{"href":"https:\/\/paroquiasportosanto.pt\/index.php?rest_route=%2Fwp%2Fv2%2Fmedia&parent=3053"}],"wp:term":[{"taxonomy":"category","embeddable":true,"href":"https:\/\/paroquiasportosanto.pt\/index.php?rest_route=%2Fwp%2Fv2%2Fcategories&post=3053"},{"taxonomy":"post_tag","embeddable":true,"href":"https:\/\/paroquiasportosanto.pt\/index.php?rest_route=%2Fwp%2Fv2%2Ftags&post=3053"}],"curies":[{"name":"wp","href":"https:\/\/api.w.org\/{rel}","templated":true}]}}