{"id":1466,"date":"2022-10-29T11:23:36","date_gmt":"2022-10-29T11:23:36","guid":{"rendered":"https:\/\/paroquiasportosanto.pt\/?p=1466"},"modified":"2022-10-29T11:23:40","modified_gmt":"2022-10-29T11:23:40","slug":"jornadas-diocesanas-dos-jovens-2022","status":"publish","type":"post","link":"https:\/\/paroquiasportosanto.pt\/?p=1466","title":{"rendered":"Jornadas Diocesanas dos Jovens 2022"},"content":{"rendered":"<div class=\"wp-block-image\">\n<figure class=\"aligncenter size-large is-resized\"><img data-recalc-dims=\"1\" loading=\"lazy\" decoding=\"async\" src=\"https:\/\/i0.wp.com\/72a09dd0b3.clvaw-cdnwnd.com\/fccbff095b5c31a92f143950a72ecfc8\/200001678-6456564569\/Cartaz_JDJ_2022_II.webp?resize=493%2C697&#038;ssl=1\" alt=\"\" width=\"493\" height=\"697\"\/><\/figure>\n<\/div>\n\n\n<p>Vimos por este meio informar-vos que est\u00e3o abertas as inscri\u00e7\u00f5es para a&nbsp;<strong>Jornada Diocesana da Juventude da Diocese do Funchal 2022, com o tema &#8211; &#8220;Maria levantou-se, e partiu apressadamente!&#8221;,&nbsp;<\/strong>que realizar-se-\u00e1 no Col\u00e9gio Salesianos do Funchal, nos pr\u00f3ximos dias&nbsp;<strong>19 e 20 de Novembro de 2022<\/strong>, das&nbsp;<strong>14h do dia 19 \u00e0s 17h do dia 20.<\/strong><\/p>\n\n\n\n<p>A Jornada Diocesana da Juventude (JDJ) \u00e9 o grande encontro anual de jovens da nossa Diocese, onde vivemos momentos de partilha, de anima\u00e7\u00e3o e de ora\u00e7\u00e3o, com vista a comemorarmos juntos o Dia Mundial da Juventude que se celebra no Domingo dia 20 de Novembro, na celebra\u00e7\u00e3o de Cristo Rei.<\/p>\n\n\n\n<p>\u00c9 uma atividade organizada pelo Comit\u00e9 Organizador Diocesano (COD) e o Secretariado Diocesano da Pastoral Juvenil do Funchal, com o intuito de congregar\u00a0<strong>todos os jovens da nossa Diocese (movimentos, grupos de jovens, escuteiros, ac\u00f3litos, catequizandos) e demais jovens, entre os 13-30 anos<\/strong>, para juntos celebrarmos aquilo que nos une &#8211; a nossa f\u00e9 e a alegria de sermos jovens, sendo tamb\u00e9m uma atividade de prepara\u00e7\u00e3o para participa\u00e7\u00e3o dos Jovens da diocese nas Jornadas Mundiais da Juventude, Lisboa 2023. Estamos a menos de 1 ano da t\u00e3o esperada Jornada Mundial da Juventude (JMJ) Lisboa 2023, e j\u00e1 &#8220;h\u00e1 pressa no ar&#8221; e queremos atrav\u00e9s desta nossa atividade proporcionar a todos os jovens da nossa Diocese um &#8220;cheirinho&#8221; do que ter\u00e3o oportunidade de experienciar, numa escala maior, na JMJ Lisboa em Agosto do pr\u00f3ximo ano!<\/p>\n\n\n\n<p><strong>As inscri\u00e7\u00f5es para esta\u00a0atividade<\/strong>\u00a0estar\u00e3o abertas at\u00e9 ao\u00a0<strong>pr\u00f3ximo dia 11 de Novembro<\/strong>, e s\u00e3o realizadas atrav\u00e9s do\u00a0<strong>link<\/strong>\u00a0<a href=\"https:\/\/forms.gle\/1q5ZSvdzRbDqaWMQA\">https:\/\/forms.gle\/1q5ZSvdzRbDqaWMQA<\/a> e tem um custo de\u00a0<strong>10 Jornadas,<\/strong>\u00a0o que inclui a alimenta\u00e7\u00e3o destes dias e demais despesas, e s\u00e3o limitadas, por isso o lugar s\u00f3 ser\u00e1 garantido ap\u00f3s efetuarem o pagamento atrav\u00e9s de um dos m\u00e9todos abaixo indicados e enviarem o comprovativo de pagamento para o email pastoraljuvenilfunchal@gmail.com . Os jovens dever\u00e3o ser acompanhados pelos seus animadores, respons\u00e1veis de grupo e catequistas, que se dever\u00e3o inscrever tamb\u00e9m atrav\u00e9s do mesmo link.<\/p>\n\n\n\n<p><strong>O pagamento dever\u00e1 ser feito atrav\u00e9s de transfer\u00eancia banc\u00e1ria ou MB Way,<\/strong>&nbsp;com os seguintes dados:<br>&#8211; Transfer\u00eancia banc\u00e1ria: PT50 0018 000800183128020 51<br>&#8211; MB Way: 963 867 198<\/p>\n\n\n\n<p>A participa\u00e7\u00e3o de menores de idade requer obrigatoriamente autoriza\u00e7\u00e3o devidamente assinada pelo encarregado de educa\u00e7\u00e3o e que poder\u00e1 ser obtida atrav\u00e9s do link de inscri\u00e7\u00e3o. <\/p>\n\n\n\n<p>Podem acompanhar tamb\u00e9m todas as novidades e informa\u00e7\u00f5es atrav\u00e9s da p\u00e1gina do Secretariado Diocesano da Juventude no <a href=\"https:\/\/www.facebook.com\/pastoraljuvenilfunchal\/\">Facebook<\/a>.<\/p>\n","protected":false},"excerpt":{"rendered":"<p>Inscri\u00e7\u00f5es abertas at\u00e9 o dia 11 de Novembro<\/p>\n","protected":false},"author":1,"featured_media":1467,"comment_status":"closed","ping_status":"closed","sticky":false,"template":"","format":"standard","meta":{"_themeisle_gutenberg_block_has_review":false,"footnotes":""},"categories":[10,8],"tags":[],"class_list":["post-1466","post","type-post","status-publish","format-standard","has-post-thumbnail","hentry","category-encontros","category-noticias"],"_links":{"self":[{"href":"https:\/\/paroquiasportosanto.pt\/index.php?rest_route=\/wp\/v2\/posts\/1466","targetHints":{"allow":["GET"]}}],"collection":[{"href":"https:\/\/paroquiasportosanto.pt\/index.php?rest_route=\/wp\/v2\/posts"}],"about":[{"href":"https:\/\/paroquiasportosanto.pt\/index.php?rest_route=\/wp\/v2\/types\/post"}],"author":[{"embeddable":true,"href":"https:\/\/paroquiasportosanto.pt\/index.php?rest_route=\/wp\/v2\/users\/1"}],"replies":[{"embeddable":true,"href":"https:\/\/paroquiasportosanto.pt\/index.php?rest_route=%2Fwp%2Fv2%2Fcomments&post=1466"}],"version-history":[{"count":0,"href":"https:\/\/paroquiasportosanto.pt\/index.php?rest_route=\/wp\/v2\/posts\/1466\/revisions"}],"wp:featuredmedia":[{"embeddable":true,"href":"https:\/\/paroquiasportosanto.pt\/index.php?rest_route=\/wp\/v2\/media\/1467"}],"wp:attachment":[{"href":"https:\/\/paroquiasportosanto.pt\/index.php?rest_route=%2Fwp%2Fv2%2Fmedia&parent=1466"}],"wp:term":[{"taxonomy":"category","embeddable":true,"href":"https:\/\/paroquiasportosanto.pt\/index.php?rest_route=%2Fwp%2Fv2%2Fcategories&post=1466"},{"taxonomy":"post_tag","embeddable":true,"href":"https:\/\/paroquiasportosanto.pt\/index.php?rest_route=%2Fwp%2Fv2%2Ftags&post=1466"}],"curies":[{"name":"wp","href":"https:\/\/api.w.org\/{rel}","templated":true}]}}